{"id":36493,"date":"2024-04-16T09:16:39","date_gmt":"2024-04-16T12:16:39","guid":{"rendered":"https:\/\/www.uninter.com\/radio\/?p=36493"},"modified":"2024-04-16T09:16:41","modified_gmt":"2024-04-16T12:16:41","slug":"conexao-academica-saude-mental-no-ensino-superior","status":"publish","type":"post","link":"https:\/\/www.uninter.com\/radio\/conexao-academica-saude-mental-no-ensino-superior","title":{"rendered":"Conex\u00e3o Acad\u00eamica | Sa\u00fade mental no ensino superior"},"content":{"rendered":"\n<figure class=\"wp-block-audio\"><audio controls src=\"https:\/\/www.uninter.com\/radio\/wp-content\/uploads\/2024\/04\/conexao-academica-21-03-2024.mp3\"><\/audio><\/figure>\n\n\n\n<p>Esta semana o Conex\u00e3o Acad\u00eamica mergulha na essencialidade da sa\u00fade mental no ambiente acad\u00eamico, trazendo uma reflex\u00e3o necess\u00e1ria para uma universidade mais humana. Para a conversa, Helenice Jamur recebe o professor Ivo Carraro.<\/p>\n","protected":false},"excerpt":{"rendered":"<p>Esta semana o Conex\u00e3o Acad\u00eamica mergulha na essencialidade da sa\u00fade mental no ambiente acad\u00eamico, trazendo&#8230;<\/p>\n","protected":false},"author":3,"featured_media":36421,"comment_status":"open","ping_status":"open","sticky":false,"template":"","format":"standard","meta":[],"categories":[2849],"tags":[],"_links":{"self":[{"href":"https:\/\/www.uninter.com\/radio\/wp-json\/wp\/v2\/posts\/36493"}],"collection":[{"href":"https:\/\/www.uninter.com\/radio\/wp-json\/wp\/v2\/posts"}],"about":[{"href":"https:\/\/www.uninter.com\/radio\/wp-json\/wp\/v2\/types\/post"}],"author":[{"embeddable":true,"href":"https:\/\/www.uninter.com\/radio\/wp-json\/wp\/v2\/users\/3"}],"replies":[{"embeddable":true,"href":"https:\/\/www.uninter.com\/radio\/wp-json\/wp\/v2\/comments?post=36493"}],"version-history":[{"count":1,"href":"https:\/\/www.uninter.com\/radio\/wp-json\/wp\/v2\/posts\/36493\/revisions"}],"predecessor-version":[{"id":36495,"href":"https:\/\/www.uninter.com\/radio\/wp-json\/wp\/v2\/posts\/36493\/revisions\/36495"}],"wp:featuredmedia":[{"embeddable":true,"href":"https:\/\/www.uninter.com\/radio\/wp-json\/wp\/v2\/media\/36421"}],"wp:attachment":[{"href":"https:\/\/www.uninter.com\/radio\/wp-json\/wp\/v2\/media?parent=36493"}],"wp:term":[{"taxonomy":"category","embeddable":true,"href":"https:\/\/www.uninter.com\/radio\/wp-json\/wp\/v2\/categories?post=36493"},{"taxonomy":"post_tag","embeddable":true,"href":"https:\/\/www.uninter.com\/radio\/wp-json\/wp\/v2\/tags?post=36493"}],"curies":[{"name":"wp","href":"https:\/\/api.w.org\/{rel}","templated":true}]}}