{"id":36482,"date":"2024-04-16T09:00:49","date_gmt":"2024-04-16T12:00:49","guid":{"rendered":"https:\/\/www.uninter.com\/radio\/?p=36482"},"modified":"2024-04-16T09:00:50","modified_gmt":"2024-04-16T12:00:50","slug":"atualidades-da-educacao-a-pascoa","status":"publish","type":"post","link":"https:\/\/www.uninter.com\/radio\/atualidades-da-educacao-a-pascoa","title":{"rendered":"Atualidades da Educa\u00e7\u00e3o | A P\u00e1scoa"},"content":{"rendered":"\n<figure class=\"wp-block-audio\"><audio controls src=\"https:\/\/www.uninter.com\/radio\/wp-content\/uploads\/2024\/04\/atualidades-da-educacao-20-03-2024.mp3\"><\/audio><\/figure>\n\n\n\n<p>Nesta semana o programa Atualidades da Educa\u00e7\u00e3o fala sobre a P\u00e1scoa, seu significado e a import\u00e2ncia para muitas pessoas. Para a conversa recebemos Alvino Moser, Gilberto Bordini e M\u00e1rcio Pelinski.<\/p>\n","protected":false},"excerpt":{"rendered":"<p>Nesta semana o programa Atualidades da Educa\u00e7\u00e3o fala sobre a P\u00e1scoa, seu significado e a&#8230;<\/p>\n","protected":false},"author":3,"featured_media":33674,"comment_status":"open","ping_status":"open","sticky":false,"template":"","format":"standard","meta":[],"categories":[2760],"tags":[],"_links":{"self":[{"href":"https:\/\/www.uninter.com\/radio\/wp-json\/wp\/v2\/posts\/36482"}],"collection":[{"href":"https:\/\/www.uninter.com\/radio\/wp-json\/wp\/v2\/posts"}],"about":[{"href":"https:\/\/www.uninter.com\/radio\/wp-json\/wp\/v2\/types\/post"}],"author":[{"embeddable":true,"href":"https:\/\/www.uninter.com\/radio\/wp-json\/wp\/v2\/users\/3"}],"replies":[{"embeddable":true,"href":"https:\/\/www.uninter.com\/radio\/wp-json\/wp\/v2\/comments?post=36482"}],"version-history":[{"count":1,"href":"https:\/\/www.uninter.com\/radio\/wp-json\/wp\/v2\/posts\/36482\/revisions"}],"predecessor-version":[{"id":36484,"href":"https:\/\/www.uninter.com\/radio\/wp-json\/wp\/v2\/posts\/36482\/revisions\/36484"}],"wp:featuredmedia":[{"embeddable":true,"href":"https:\/\/www.uninter.com\/radio\/wp-json\/wp\/v2\/media\/33674"}],"wp:attachment":[{"href":"https:\/\/www.uninter.com\/radio\/wp-json\/wp\/v2\/media?parent=36482"}],"wp:term":[{"taxonomy":"category","embeddable":true,"href":"https:\/\/www.uninter.com\/radio\/wp-json\/wp\/v2\/categories?post=36482"},{"taxonomy":"post_tag","embeddable":true,"href":"https:\/\/www.uninter.com\/radio\/wp-json\/wp\/v2\/tags?post=36482"}],"curies":[{"name":"wp","href":"https:\/\/api.w.org\/{rel}","templated":true}]}}