{"id":36473,"date":"2024-04-16T08:54:36","date_gmt":"2024-04-16T11:54:36","guid":{"rendered":"https:\/\/www.uninter.com\/radio\/?p=36473"},"modified":"2024-04-16T08:54:37","modified_gmt":"2024-04-16T11:54:37","slug":"art-cultura-festival-de-curitiba-2024","status":"publish","type":"post","link":"https:\/\/www.uninter.com\/radio\/art-cultura-festival-de-curitiba-2024","title":{"rendered":"Art&#038; Cultura | Festival de Curitiba 2024"},"content":{"rendered":"\n<figure class=\"wp-block-audio\"><audio controls src=\"https:\/\/www.uninter.com\/radio\/wp-content\/uploads\/2024\/04\/Arte-cultura-19-03-2024.mp3\"><\/audio><\/figure>\n\n\n\n<p>Mais uma edi\u00e7\u00e3o do Festival de Curitiba est\u00e1 chegando, e a R\u00e1dio Uninter vai te contar como um dos maiores festivais de teatro da Am\u00e9rica Latina \u00e9 organizado! Confira dicas da programa\u00e7\u00e3o, hist\u00f3rico do festival e v\u00e1rias curiosidades no Art&amp; Cultura desta semana! Igor Horbach recebe a diretora do festival, Fab\u00edula Passini, para o bate-papo.<\/p>\n","protected":false},"excerpt":{"rendered":"<p>Mais uma edi\u00e7\u00e3o do Festival de Curitiba est\u00e1 chegando, e a R\u00e1dio Uninter vai te&#8230;<\/p>\n","protected":false},"author":3,"featured_media":31653,"comment_status":"open","ping_status":"open","sticky":false,"template":"","format":"standard","meta":[],"categories":[2773],"tags":[],"_links":{"self":[{"href":"https:\/\/www.uninter.com\/radio\/wp-json\/wp\/v2\/posts\/36473"}],"collection":[{"href":"https:\/\/www.uninter.com\/radio\/wp-json\/wp\/v2\/posts"}],"about":[{"href":"https:\/\/www.uninter.com\/radio\/wp-json\/wp\/v2\/types\/post"}],"author":[{"embeddable":true,"href":"https:\/\/www.uninter.com\/radio\/wp-json\/wp\/v2\/users\/3"}],"replies":[{"embeddable":true,"href":"https:\/\/www.uninter.com\/radio\/wp-json\/wp\/v2\/comments?post=36473"}],"version-history":[{"count":1,"href":"https:\/\/www.uninter.com\/radio\/wp-json\/wp\/v2\/posts\/36473\/revisions"}],"predecessor-version":[{"id":36475,"href":"https:\/\/www.uninter.com\/radio\/wp-json\/wp\/v2\/posts\/36473\/revisions\/36475"}],"wp:featuredmedia":[{"embeddable":true,"href":"https:\/\/www.uninter.com\/radio\/wp-json\/wp\/v2\/media\/31653"}],"wp:attachment":[{"href":"https:\/\/www.uninter.com\/radio\/wp-json\/wp\/v2\/media?parent=36473"}],"wp:term":[{"taxonomy":"category","embeddable":true,"href":"https:\/\/www.uninter.com\/radio\/wp-json\/wp\/v2\/categories?post=36473"},{"taxonomy":"post_tag","embeddable":true,"href":"https:\/\/www.uninter.com\/radio\/wp-json\/wp\/v2\/tags?post=36473"}],"curies":[{"name":"wp","href":"https:\/\/api.w.org\/{rel}","templated":true}]}}