{"id":36469,"date":"2024-04-16T08:52:47","date_gmt":"2024-04-16T11:52:47","guid":{"rendered":"https:\/\/www.uninter.com\/radio\/?p=36469"},"modified":"2024-04-16T08:52:48","modified_gmt":"2024-04-16T11:52:48","slug":"saude-em-foco-um-bate-papo-sobre-agua-e-as-mudancas-climaticas","status":"publish","type":"post","link":"https:\/\/www.uninter.com\/radio\/saude-em-foco-um-bate-papo-sobre-agua-e-as-mudancas-climaticas","title":{"rendered":"Sa\u00fade em Foco | Um bate-papo sobre \u00e1gua e as mudan\u00e7as clim\u00e1ticas"},"content":{"rendered":"\n<figure class=\"wp-block-audio\"><audio controls src=\"https:\/\/www.uninter.com\/radio\/wp-content\/uploads\/2024\/04\/Saude-em-foco-19-03-2024.mp3\"><\/audio><\/figure>\n\n\n\n<p>\u00c0 medida que o clima global continua a se aquecer, os padr\u00f5es de precipita\u00e7\u00e3o est\u00e3o mudando, os n\u00edveis do mar est\u00e3o aumentando e eventos clim\u00e1ticos extremos est\u00e3o se tornando mais frequentes e intensos. Como resultado, a disponibilidade, a qualidade e a distribui\u00e7\u00e3o da \u00e1gua est\u00e3o sendo significativamente afetadas, apresentando desafios significativos para comunidades em todo o mundo. Vamos falar sobre a \u00e1gua e as mudan\u00e7as clim\u00e1ticas no Sa\u00fade em Foco desta semana, e para a conversa, Barbara Carvalho recebe os professores Augusto Silveira e Andr\u00e9 Pelanda.<\/p>\n","protected":false},"excerpt":{"rendered":"<p>\u00c0 medida que o clima global continua a se aquecer, os padr\u00f5es de precipita\u00e7\u00e3o est\u00e3o&#8230;<\/p>\n","protected":false},"author":3,"featured_media":33678,"comment_status":"open","ping_status":"open","sticky":false,"template":"","format":"standard","meta":[],"categories":[2790],"tags":[],"_links":{"self":[{"href":"https:\/\/www.uninter.com\/radio\/wp-json\/wp\/v2\/posts\/36469"}],"collection":[{"href":"https:\/\/www.uninter.com\/radio\/wp-json\/wp\/v2\/posts"}],"about":[{"href":"https:\/\/www.uninter.com\/radio\/wp-json\/wp\/v2\/types\/post"}],"author":[{"embeddable":true,"href":"https:\/\/www.uninter.com\/radio\/wp-json\/wp\/v2\/users\/3"}],"replies":[{"embeddable":true,"href":"https:\/\/www.uninter.com\/radio\/wp-json\/wp\/v2\/comments?post=36469"}],"version-history":[{"count":1,"href":"https:\/\/www.uninter.com\/radio\/wp-json\/wp\/v2\/posts\/36469\/revisions"}],"predecessor-version":[{"id":36472,"href":"https:\/\/www.uninter.com\/radio\/wp-json\/wp\/v2\/posts\/36469\/revisions\/36472"}],"wp:featuredmedia":[{"embeddable":true,"href":"https:\/\/www.uninter.com\/radio\/wp-json\/wp\/v2\/media\/33678"}],"wp:attachment":[{"href":"https:\/\/www.uninter.com\/radio\/wp-json\/wp\/v2\/media?parent=36469"}],"wp:term":[{"taxonomy":"category","embeddable":true,"href":"https:\/\/www.uninter.com\/radio\/wp-json\/wp\/v2\/categories?post=36469"},{"taxonomy":"post_tag","embeddable":true,"href":"https:\/\/www.uninter.com\/radio\/wp-json\/wp\/v2\/tags?post=36469"}],"curies":[{"name":"wp","href":"https:\/\/api.w.org\/{rel}","templated":true}]}}