{"id":36461,"date":"2024-04-16T08:39:47","date_gmt":"2024-04-16T11:39:47","guid":{"rendered":"https:\/\/www.uninter.com\/radio\/?p=36461"},"modified":"2024-04-16T08:39:49","modified_gmt":"2024-04-16T11:39:49","slug":"talento-em-foco-aposentadoria-para-pessoa-juridica","status":"publish","type":"post","link":"https:\/\/www.uninter.com\/radio\/talento-em-foco-aposentadoria-para-pessoa-juridica","title":{"rendered":"Talento em Foco | Aposentadoria para pessoa jur\u00eddica"},"content":{"rendered":"\n<figure class=\"wp-block-audio\"><audio controls src=\"https:\/\/www.uninter.com\/radio\/wp-content\/uploads\/2024\/04\/talento-em-foco-18-03-2024.mp3\"><\/audio><\/figure>\n\n\n\n<p>Nesta semana o programa Talento em Foco fala sobre os aspectos importantes relacionados \u00e0 aposentadoria para pessoas jur\u00eddicas, desde as op\u00e7\u00f5es dispon\u00edveis at\u00e9 os passos pr\u00e1ticos que voc\u00ea pode tomar para garantir uma aposentadoria confort\u00e1vel e segura. Para a conversa, Erika Lotz recebe o especialista em Direito Previdenci\u00e1rio e Direito do Trabalho Dionatan Decontti.<\/p>\n","protected":false},"excerpt":{"rendered":"<p>Nesta semana o programa Talento em Foco fala sobre os aspectos importantes relacionados \u00e0 aposentadoria&#8230;<\/p>\n","protected":false},"author":3,"featured_media":31128,"comment_status":"open","ping_status":"open","sticky":false,"template":"","format":"standard","meta":[],"categories":[2723],"tags":[],"_links":{"self":[{"href":"https:\/\/www.uninter.com\/radio\/wp-json\/wp\/v2\/posts\/36461"}],"collection":[{"href":"https:\/\/www.uninter.com\/radio\/wp-json\/wp\/v2\/posts"}],"about":[{"href":"https:\/\/www.uninter.com\/radio\/wp-json\/wp\/v2\/types\/post"}],"author":[{"embeddable":true,"href":"https:\/\/www.uninter.com\/radio\/wp-json\/wp\/v2\/users\/3"}],"replies":[{"embeddable":true,"href":"https:\/\/www.uninter.com\/radio\/wp-json\/wp\/v2\/comments?post=36461"}],"version-history":[{"count":1,"href":"https:\/\/www.uninter.com\/radio\/wp-json\/wp\/v2\/posts\/36461\/revisions"}],"predecessor-version":[{"id":36463,"href":"https:\/\/www.uninter.com\/radio\/wp-json\/wp\/v2\/posts\/36461\/revisions\/36463"}],"wp:featuredmedia":[{"embeddable":true,"href":"https:\/\/www.uninter.com\/radio\/wp-json\/wp\/v2\/media\/31128"}],"wp:attachment":[{"href":"https:\/\/www.uninter.com\/radio\/wp-json\/wp\/v2\/media?parent=36461"}],"wp:term":[{"taxonomy":"category","embeddable":true,"href":"https:\/\/www.uninter.com\/radio\/wp-json\/wp\/v2\/categories?post=36461"},{"taxonomy":"post_tag","embeddable":true,"href":"https:\/\/www.uninter.com\/radio\/wp-json\/wp\/v2\/tags?post=36461"}],"curies":[{"name":"wp","href":"https:\/\/api.w.org\/{rel}","templated":true}]}}