{"id":36458,"date":"2024-03-21T08:37:10","date_gmt":"2024-03-21T11:37:10","guid":{"rendered":"https:\/\/www.uninter.com\/radio\/?p=36458"},"modified":"2024-03-21T08:37:11","modified_gmt":"2024-03-21T11:37:11","slug":"inclusao-em-rede-audiodescricao-na-educacao","status":"publish","type":"post","link":"https:\/\/www.uninter.com\/radio\/inclusao-em-rede-audiodescricao-na-educacao","title":{"rendered":"Inclus\u00e3o em Rede | Audiodescri\u00e7\u00e3o na educa\u00e7\u00e3o"},"content":{"rendered":"\n<figure class=\"wp-block-audio\"><audio controls src=\"blob:https:\/\/www.uninter.com\/db7d0ecb-94ee-4a9c-bfc6-ed92f5930615\"><\/audio><\/figure>\n\n\n\n<p>A audiodescri\u00e7\u00e3o \u00e9 uma t\u00e9cnica que descreve visualmente elementos visuais de v\u00eddeos, apresenta\u00e7\u00f5es e materiais did\u00e1ticos para pessoas com defici\u00eancia visual. Com o uso da audiodescri\u00e7\u00e3o, os alunos cegos ou com baixa vis\u00e3o podem acessar o conte\u00fado de forma mais completa e participar plenamente das atividades educacionais. Nesta semana, o Inclus\u00e3o em Rede explora a import\u00e2ncia da audiodescri\u00e7\u00e3o na educa\u00e7\u00e3o e como ela pode tornar o ensino mais acess\u00edvel para todos os alunos. Para a conversa, Leomar Marchesini recebe a jornalista e audiodescritora Brisa Teixeira.<\/p>\n","protected":false},"excerpt":{"rendered":"<p>A audiodescri\u00e7\u00e3o \u00e9 uma t\u00e9cnica que descreve visualmente elementos visuais de v\u00eddeos, apresenta\u00e7\u00f5es e materiais&#8230;<\/p>\n","protected":false},"author":3,"featured_media":33698,"comment_status":"open","ping_status":"open","sticky":false,"template":"","format":"standard","meta":[],"categories":[2727],"tags":[],"_links":{"self":[{"href":"https:\/\/www.uninter.com\/radio\/wp-json\/wp\/v2\/posts\/36458"}],"collection":[{"href":"https:\/\/www.uninter.com\/radio\/wp-json\/wp\/v2\/posts"}],"about":[{"href":"https:\/\/www.uninter.com\/radio\/wp-json\/wp\/v2\/types\/post"}],"author":[{"embeddable":true,"href":"https:\/\/www.uninter.com\/radio\/wp-json\/wp\/v2\/users\/3"}],"replies":[{"embeddable":true,"href":"https:\/\/www.uninter.com\/radio\/wp-json\/wp\/v2\/comments?post=36458"}],"version-history":[{"count":1,"href":"https:\/\/www.uninter.com\/radio\/wp-json\/wp\/v2\/posts\/36458\/revisions"}],"predecessor-version":[{"id":36459,"href":"https:\/\/www.uninter.com\/radio\/wp-json\/wp\/v2\/posts\/36458\/revisions\/36459"}],"wp:featuredmedia":[{"embeddable":true,"href":"https:\/\/www.uninter.com\/radio\/wp-json\/wp\/v2\/media\/33698"}],"wp:attachment":[{"href":"https:\/\/www.uninter.com\/radio\/wp-json\/wp\/v2\/media?parent=36458"}],"wp:term":[{"taxonomy":"category","embeddable":true,"href":"https:\/\/www.uninter.com\/radio\/wp-json\/wp\/v2\/categories?post=36458"},{"taxonomy":"post_tag","embeddable":true,"href":"https:\/\/www.uninter.com\/radio\/wp-json\/wp\/v2\/tags?post=36458"}],"curies":[{"name":"wp","href":"https:\/\/api.w.org\/{rel}","templated":true}]}}