{"id":36455,"date":"2024-03-21T08:21:27","date_gmt":"2024-03-21T11:21:27","guid":{"rendered":"https:\/\/www.uninter.com\/radio\/?p=36455"},"modified":"2024-03-21T08:21:28","modified_gmt":"2024-03-21T11:21:28","slug":"negocios-e-tendencias-o-poder-da-comunicacao-conectando-marcas-e-consumidores","status":"publish","type":"post","link":"https:\/\/www.uninter.com\/radio\/negocios-e-tendencias-o-poder-da-comunicacao-conectando-marcas-e-consumidores","title":{"rendered":"Neg\u00f3cios e Tend\u00eancias | O poder da comunica\u00e7\u00e3o: conectando marcas e consumidores"},"content":{"rendered":"\n<figure class=\"wp-block-audio\"><audio controls src=\"https:\/\/www.uninter.com\/radio\/wp-content\/uploads\/2024\/03\/negocios-e-tendencias-15-03-2024.mp3\"><\/audio><\/figure>\n\n\n\n<p>Nesta semana o Neg\u00f3cios e Tend\u00eancias mostra como as estrat\u00e9gias de comunica\u00e7\u00e3o eficazes podem fortalecer os la\u00e7os entre as marcas e seu p\u00fablico-alvo, impulsionando o engajamento, a lealdade e, em \u00faltima an\u00e1lise, o sucesso comercial. Para a conversa, Aline Eberspacher recebe o doutor em Comunica\u00e7\u00e3o Cl\u00f3vis Teixeira Filho.<\/p>\n","protected":false},"excerpt":{"rendered":"<p>Nesta semana o Neg\u00f3cios e Tend\u00eancias mostra como as estrat\u00e9gias de comunica\u00e7\u00e3o eficazes podem fortalecer&#8230;<\/p>\n","protected":false},"author":3,"featured_media":33694,"comment_status":"open","ping_status":"open","sticky":false,"template":"","format":"standard","meta":[],"categories":[2698],"tags":[],"_links":{"self":[{"href":"https:\/\/www.uninter.com\/radio\/wp-json\/wp\/v2\/posts\/36455"}],"collection":[{"href":"https:\/\/www.uninter.com\/radio\/wp-json\/wp\/v2\/posts"}],"about":[{"href":"https:\/\/www.uninter.com\/radio\/wp-json\/wp\/v2\/types\/post"}],"author":[{"embeddable":true,"href":"https:\/\/www.uninter.com\/radio\/wp-json\/wp\/v2\/users\/3"}],"replies":[{"embeddable":true,"href":"https:\/\/www.uninter.com\/radio\/wp-json\/wp\/v2\/comments?post=36455"}],"version-history":[{"count":1,"href":"https:\/\/www.uninter.com\/radio\/wp-json\/wp\/v2\/posts\/36455\/revisions"}],"predecessor-version":[{"id":36457,"href":"https:\/\/www.uninter.com\/radio\/wp-json\/wp\/v2\/posts\/36455\/revisions\/36457"}],"wp:featuredmedia":[{"embeddable":true,"href":"https:\/\/www.uninter.com\/radio\/wp-json\/wp\/v2\/media\/33694"}],"wp:attachment":[{"href":"https:\/\/www.uninter.com\/radio\/wp-json\/wp\/v2\/media?parent=36455"}],"wp:term":[{"taxonomy":"category","embeddable":true,"href":"https:\/\/www.uninter.com\/radio\/wp-json\/wp\/v2\/categories?post=36455"},{"taxonomy":"post_tag","embeddable":true,"href":"https:\/\/www.uninter.com\/radio\/wp-json\/wp\/v2\/tags?post=36455"}],"curies":[{"name":"wp","href":"https:\/\/api.w.org\/{rel}","templated":true}]}}