{"id":36449,"date":"2024-03-20T13:16:52","date_gmt":"2024-03-20T16:16:52","guid":{"rendered":"https:\/\/www.uninter.com\/radio\/?p=36449"},"modified":"2024-03-20T13:16:53","modified_gmt":"2024-03-20T16:16:53","slug":"conexao-academica-guia-para-os-primeiros-passos-na-vida-academica","status":"publish","type":"post","link":"https:\/\/www.uninter.com\/radio\/conexao-academica-guia-para-os-primeiros-passos-na-vida-academica","title":{"rendered":"Conex\u00e3o Acad\u00eamica | Guia para os primeiros passos na vida acad\u00eamica"},"content":{"rendered":"\n<figure class=\"wp-block-audio\"><audio controls src=\"https:\/\/www.uninter.com\/radio\/wp-content\/uploads\/2024\/03\/conexao-academica-14-03-2024.mp3\"><\/audio><\/figure>\n\n\n\n<p>Nesta semana no programa Conex\u00e3o Acad\u00eamica, vamos conversar sobre alunos calouros e propor um guia para os primeiros passos na jornada acad\u00eamica. Para a conversa, Helenice Jamur recebe Renata Gabriele, coordenadora da equipe de acolhimento da CMA.<\/p>\n\n\n\n<h2 id=\"header\"><\/h2>\n","protected":false},"excerpt":{"rendered":"<p>Nesta semana no programa Conex\u00e3o Acad\u00eamica, vamos conversar sobre alunos calouros e propor um guia&#8230;<\/p>\n","protected":false},"author":3,"featured_media":36421,"comment_status":"open","ping_status":"open","sticky":false,"template":"","format":"standard","meta":[],"categories":[2849],"tags":[],"_links":{"self":[{"href":"https:\/\/www.uninter.com\/radio\/wp-json\/wp\/v2\/posts\/36449"}],"collection":[{"href":"https:\/\/www.uninter.com\/radio\/wp-json\/wp\/v2\/posts"}],"about":[{"href":"https:\/\/www.uninter.com\/radio\/wp-json\/wp\/v2\/types\/post"}],"author":[{"embeddable":true,"href":"https:\/\/www.uninter.com\/radio\/wp-json\/wp\/v2\/users\/3"}],"replies":[{"embeddable":true,"href":"https:\/\/www.uninter.com\/radio\/wp-json\/wp\/v2\/comments?post=36449"}],"version-history":[{"count":1,"href":"https:\/\/www.uninter.com\/radio\/wp-json\/wp\/v2\/posts\/36449\/revisions"}],"predecessor-version":[{"id":36451,"href":"https:\/\/www.uninter.com\/radio\/wp-json\/wp\/v2\/posts\/36449\/revisions\/36451"}],"wp:featuredmedia":[{"embeddable":true,"href":"https:\/\/www.uninter.com\/radio\/wp-json\/wp\/v2\/media\/36421"}],"wp:attachment":[{"href":"https:\/\/www.uninter.com\/radio\/wp-json\/wp\/v2\/media?parent=36449"}],"wp:term":[{"taxonomy":"category","embeddable":true,"href":"https:\/\/www.uninter.com\/radio\/wp-json\/wp\/v2\/categories?post=36449"},{"taxonomy":"post_tag","embeddable":true,"href":"https:\/\/www.uninter.com\/radio\/wp-json\/wp\/v2\/tags?post=36449"}],"curies":[{"name":"wp","href":"https:\/\/api.w.org\/{rel}","templated":true}]}}