{"id":36443,"date":"2024-03-20T13:04:37","date_gmt":"2024-03-20T16:04:37","guid":{"rendered":"https:\/\/www.uninter.com\/radio\/?p=36443"},"modified":"2024-03-20T13:04:38","modified_gmt":"2024-03-20T16:04:38","slug":"papo-castico-mulheres-negras-na-politica","status":"publish","type":"post","link":"https:\/\/www.uninter.com\/radio\/papo-castico-mulheres-negras-na-politica","title":{"rendered":"Papo Casti\u00e7o | Mulheres negras na pol\u00edtica"},"content":{"rendered":"\n<figure class=\"wp-block-audio\"><audio controls src=\"https:\/\/www.uninter.com\/radio\/wp-content\/uploads\/2024\/03\/papo-castico-13-03-2024.mp3\"><\/audio><\/figure>\n\n\n\n<p>Nesta semana, o programa Papo Casti\u00e7o comemora do Dia Internacional da Mulher falando sobre o poder e a resili\u00eancia das mulheres negras na pol\u00edtica. Desde os prim\u00f3rdios da democracia at\u00e9 os dias atuais, essas l\u00edderes t\u00eam desempenhado pap\u00e9is transformadores, desafiando barreiras e inspirando mudan\u00e7as significativas em suas comunidades e pa\u00edses. Para a conversa, Joice Diaz recebe a Deputada Federal Carol Dartora.<\/p>\n","protected":false},"excerpt":{"rendered":"<p>Nesta semana, o programa Papo Casti\u00e7o comemora do Dia Internacional da Mulher falando sobre o&#8230;<\/p>\n","protected":false},"author":3,"featured_media":34252,"comment_status":"open","ping_status":"open","sticky":false,"template":"","format":"standard","meta":[],"categories":[2841],"tags":[],"_links":{"self":[{"href":"https:\/\/www.uninter.com\/radio\/wp-json\/wp\/v2\/posts\/36443"}],"collection":[{"href":"https:\/\/www.uninter.com\/radio\/wp-json\/wp\/v2\/posts"}],"about":[{"href":"https:\/\/www.uninter.com\/radio\/wp-json\/wp\/v2\/types\/post"}],"author":[{"embeddable":true,"href":"https:\/\/www.uninter.com\/radio\/wp-json\/wp\/v2\/users\/3"}],"replies":[{"embeddable":true,"href":"https:\/\/www.uninter.com\/radio\/wp-json\/wp\/v2\/comments?post=36443"}],"version-history":[{"count":1,"href":"https:\/\/www.uninter.com\/radio\/wp-json\/wp\/v2\/posts\/36443\/revisions"}],"predecessor-version":[{"id":36445,"href":"https:\/\/www.uninter.com\/radio\/wp-json\/wp\/v2\/posts\/36443\/revisions\/36445"}],"wp:featuredmedia":[{"embeddable":true,"href":"https:\/\/www.uninter.com\/radio\/wp-json\/wp\/v2\/media\/34252"}],"wp:attachment":[{"href":"https:\/\/www.uninter.com\/radio\/wp-json\/wp\/v2\/media?parent=36443"}],"wp:term":[{"taxonomy":"category","embeddable":true,"href":"https:\/\/www.uninter.com\/radio\/wp-json\/wp\/v2\/categories?post=36443"},{"taxonomy":"post_tag","embeddable":true,"href":"https:\/\/www.uninter.com\/radio\/wp-json\/wp\/v2\/tags?post=36443"}],"curies":[{"name":"wp","href":"https:\/\/api.w.org\/{rel}","templated":true}]}}