{"id":36433,"date":"2024-03-20T12:41:38","date_gmt":"2024-03-20T15:41:38","guid":{"rendered":"https:\/\/www.uninter.com\/radio\/?p=36433"},"modified":"2024-03-20T12:41:39","modified_gmt":"2024-03-20T15:41:39","slug":"saude-em-foco-dia-internacional-da-mulher-2","status":"publish","type":"post","link":"https:\/\/www.uninter.com\/radio\/saude-em-foco-dia-internacional-da-mulher-2","title":{"rendered":"Sa\u00fade em Foco | Dia Internacional da Mulher"},"content":{"rendered":"\n<figure class=\"wp-block-audio\"><audio controls src=\"https:\/\/www.uninter.com\/radio\/wp-content\/uploads\/2024\/03\/saude-em-foco-12-03-2024.mp3\"><\/audio><\/figure>\n\n\n\n<p>Desde o movimento pelos direitos das mulheres at\u00e9 as manifesta\u00e7\u00f5es contempor\u00e2neas, esta data \u00e9 um lembrete poderoso da necessidade cont\u00ednua de promover a igualdade e a justi\u00e7a para todas as mulheres. Por isso, nesta semana o Sa\u00fade em Foco fala sobre o Dia Internacional da Mulher. <\/p>\n\n\n\n<p>Para a conversa, Barbara Carvalho recebe Cleci Elisa Albiero, doutora em Servi\u00e7o Social.<\/p>\n","protected":false},"excerpt":{"rendered":"<p>Desde o movimento pelos direitos das mulheres at\u00e9 as manifesta\u00e7\u00f5es contempor\u00e2neas, esta data \u00e9 um&#8230;<\/p>\n","protected":false},"author":3,"featured_media":33678,"comment_status":"open","ping_status":"open","sticky":false,"template":"","format":"standard","meta":[],"categories":[2790],"tags":[],"_links":{"self":[{"href":"https:\/\/www.uninter.com\/radio\/wp-json\/wp\/v2\/posts\/36433"}],"collection":[{"href":"https:\/\/www.uninter.com\/radio\/wp-json\/wp\/v2\/posts"}],"about":[{"href":"https:\/\/www.uninter.com\/radio\/wp-json\/wp\/v2\/types\/post"}],"author":[{"embeddable":true,"href":"https:\/\/www.uninter.com\/radio\/wp-json\/wp\/v2\/users\/3"}],"replies":[{"embeddable":true,"href":"https:\/\/www.uninter.com\/radio\/wp-json\/wp\/v2\/comments?post=36433"}],"version-history":[{"count":1,"href":"https:\/\/www.uninter.com\/radio\/wp-json\/wp\/v2\/posts\/36433\/revisions"}],"predecessor-version":[{"id":36435,"href":"https:\/\/www.uninter.com\/radio\/wp-json\/wp\/v2\/posts\/36433\/revisions\/36435"}],"wp:featuredmedia":[{"embeddable":true,"href":"https:\/\/www.uninter.com\/radio\/wp-json\/wp\/v2\/media\/33678"}],"wp:attachment":[{"href":"https:\/\/www.uninter.com\/radio\/wp-json\/wp\/v2\/media?parent=36433"}],"wp:term":[{"taxonomy":"category","embeddable":true,"href":"https:\/\/www.uninter.com\/radio\/wp-json\/wp\/v2\/categories?post=36433"},{"taxonomy":"post_tag","embeddable":true,"href":"https:\/\/www.uninter.com\/radio\/wp-json\/wp\/v2\/tags?post=36433"}],"curies":[{"name":"wp","href":"https:\/\/api.w.org\/{rel}","templated":true}]}}