{"id":36427,"date":"2024-03-20T12:32:33","date_gmt":"2024-03-20T15:32:33","guid":{"rendered":"https:\/\/www.uninter.com\/radio\/?p=36427"},"modified":"2024-03-20T12:32:34","modified_gmt":"2024-03-20T15:32:34","slug":"talento-em-foco-esg-no-ambiente-de-trabalho","status":"publish","type":"post","link":"https:\/\/www.uninter.com\/radio\/talento-em-foco-esg-no-ambiente-de-trabalho","title":{"rendered":"Talento em Foco | ESG no ambiente de trabalho"},"content":{"rendered":"\n<figure class=\"wp-block-audio\"><audio controls src=\"https:\/\/www.uninter.com\/radio\/wp-content\/uploads\/2024\/03\/talento-e-foco-11-03-2024.mp3\"><\/audio><\/figure>\n\n\n\n<p>O programa Talento em Foco explora as melhores pr\u00e1ticas para integrar ESG (Environmental, Social, and Governance) no ambiente de trabalho, abordando o mundo do ESG e discutindo como as empresas podem adotar uma abordagem hol\u00edstica para promover a sustentabilidade, a responsabilidade social e uma governan\u00e7a s\u00f3lida. <\/p>\n\n\n\n<p>Para a conversa, \u00c9rika Lotz recebe o economista, professor e consultor Daniel Poit.<\/p>\n","protected":false},"excerpt":{"rendered":"<p>O programa Talento em Foco explora as melhores pr\u00e1ticas para integrar ESG (Environmental, Social, and&#8230;<\/p>\n","protected":false},"author":3,"featured_media":31128,"comment_status":"open","ping_status":"open","sticky":false,"template":"","format":"standard","meta":[],"categories":[2723],"tags":[],"_links":{"self":[{"href":"https:\/\/www.uninter.com\/radio\/wp-json\/wp\/v2\/posts\/36427"}],"collection":[{"href":"https:\/\/www.uninter.com\/radio\/wp-json\/wp\/v2\/posts"}],"about":[{"href":"https:\/\/www.uninter.com\/radio\/wp-json\/wp\/v2\/types\/post"}],"author":[{"embeddable":true,"href":"https:\/\/www.uninter.com\/radio\/wp-json\/wp\/v2\/users\/3"}],"replies":[{"embeddable":true,"href":"https:\/\/www.uninter.com\/radio\/wp-json\/wp\/v2\/comments?post=36427"}],"version-history":[{"count":1,"href":"https:\/\/www.uninter.com\/radio\/wp-json\/wp\/v2\/posts\/36427\/revisions"}],"predecessor-version":[{"id":36429,"href":"https:\/\/www.uninter.com\/radio\/wp-json\/wp\/v2\/posts\/36427\/revisions\/36429"}],"wp:featuredmedia":[{"embeddable":true,"href":"https:\/\/www.uninter.com\/radio\/wp-json\/wp\/v2\/media\/31128"}],"wp:attachment":[{"href":"https:\/\/www.uninter.com\/radio\/wp-json\/wp\/v2\/media?parent=36427"}],"wp:term":[{"taxonomy":"category","embeddable":true,"href":"https:\/\/www.uninter.com\/radio\/wp-json\/wp\/v2\/categories?post=36427"},{"taxonomy":"post_tag","embeddable":true,"href":"https:\/\/www.uninter.com\/radio\/wp-json\/wp\/v2\/tags?post=36427"}],"curies":[{"name":"wp","href":"https:\/\/api.w.org\/{rel}","templated":true}]}}