{"id":36423,"date":"2024-03-13T11:16:34","date_gmt":"2024-03-13T14:16:34","guid":{"rendered":"https:\/\/www.uninter.com\/radio\/?p=36423"},"modified":"2024-03-13T11:16:36","modified_gmt":"2024-03-13T14:16:36","slug":"negocios-e-tendencias-autos-de-infracoes-ambientais-e-pericia-ambiental","status":"publish","type":"post","link":"https:\/\/www.uninter.com\/radio\/negocios-e-tendencias-autos-de-infracoes-ambientais-e-pericia-ambiental","title":{"rendered":"Neg\u00f3cios e Tend\u00eancias | Autos de infra\u00e7\u00f5es ambientais e per\u00edcia ambiental"},"content":{"rendered":"\n<figure class=\"wp-block-audio\"><audio controls src=\"https:\/\/www.uninter.com\/radio\/wp-content\/uploads\/2024\/03\/negocios-e-tendencias-08-03-2024.mp3\"><\/audio><\/figure>\n\n\n\n<p>Nesta semana o programa Neg\u00f3cios e Tend\u00eancias fala sobre os autos de infra\u00e7\u00f5es ambientais e per\u00edcia ambiental, destacando a import\u00e2ncia desses processos na preserva\u00e7\u00e3o dos recursos naturais e na responsabiliza\u00e7\u00e3o por danos ambientais. Para a conversa, os professores Alexandre de Andrade, Rosimara Mendes e Paula Braz recebem o engenheiro ambiental Gessuelyton Mendes de Lima.<\/p>\n","protected":false},"excerpt":{"rendered":"<p>Nesta semana o programa Neg\u00f3cios e Tend\u00eancias fala sobre os autos de infra\u00e7\u00f5es ambientais e&#8230;<\/p>\n","protected":false},"author":3,"featured_media":33694,"comment_status":"open","ping_status":"open","sticky":false,"template":"","format":"standard","meta":[],"categories":[2698],"tags":[],"_links":{"self":[{"href":"https:\/\/www.uninter.com\/radio\/wp-json\/wp\/v2\/posts\/36423"}],"collection":[{"href":"https:\/\/www.uninter.com\/radio\/wp-json\/wp\/v2\/posts"}],"about":[{"href":"https:\/\/www.uninter.com\/radio\/wp-json\/wp\/v2\/types\/post"}],"author":[{"embeddable":true,"href":"https:\/\/www.uninter.com\/radio\/wp-json\/wp\/v2\/users\/3"}],"replies":[{"embeddable":true,"href":"https:\/\/www.uninter.com\/radio\/wp-json\/wp\/v2\/comments?post=36423"}],"version-history":[{"count":1,"href":"https:\/\/www.uninter.com\/radio\/wp-json\/wp\/v2\/posts\/36423\/revisions"}],"predecessor-version":[{"id":36425,"href":"https:\/\/www.uninter.com\/radio\/wp-json\/wp\/v2\/posts\/36423\/revisions\/36425"}],"wp:featuredmedia":[{"embeddable":true,"href":"https:\/\/www.uninter.com\/radio\/wp-json\/wp\/v2\/media\/33694"}],"wp:attachment":[{"href":"https:\/\/www.uninter.com\/radio\/wp-json\/wp\/v2\/media?parent=36423"}],"wp:term":[{"taxonomy":"category","embeddable":true,"href":"https:\/\/www.uninter.com\/radio\/wp-json\/wp\/v2\/categories?post=36423"},{"taxonomy":"post_tag","embeddable":true,"href":"https:\/\/www.uninter.com\/radio\/wp-json\/wp\/v2\/tags?post=36423"}],"curies":[{"name":"wp","href":"https:\/\/api.w.org\/{rel}","templated":true}]}}