{"id":36398,"date":"2024-03-13T10:43:30","date_gmt":"2024-03-13T13:43:30","guid":{"rendered":"https:\/\/www.uninter.com\/radio\/?p=36398"},"modified":"2024-03-13T10:43:31","modified_gmt":"2024-03-13T13:43:31","slug":"saude-em-foco-dia-mundial-do-rim","status":"publish","type":"post","link":"https:\/\/www.uninter.com\/radio\/saude-em-foco-dia-mundial-do-rim","title":{"rendered":"Sa\u00fade em Foco | Dia Mundial do Rim"},"content":{"rendered":"\n<figure class=\"wp-block-audio\"><audio controls src=\"https:\/\/www.uninter.com\/radio\/wp-content\/uploads\/2024\/03\/saude-em-foco-05-03-2024.mp3\"><\/audio><\/figure>\n\n\n\n<p>No dia 14 de mar\u00e7o comemoramos o Dia Mundial do Rim, uma ocasi\u00e3o importante para conscientiza\u00e7\u00e3o e educa\u00e7\u00e3o sobre a sa\u00fade renal. Por isso, no Sa\u00fade em Foco desta semana vamos explorar a import\u00e2ncia dos rins, como mant\u00ea-los saud\u00e1veis e por que devemos prestar aten\u00e7\u00e3o \u00e0 sa\u00fade renal. Para a conversa Barbara Carvalho recebe a tutora do curso de Auditoria em Sa\u00fade Elaine Gracia.<\/p>\n","protected":false},"excerpt":{"rendered":"<p>No dia 14 de mar\u00e7o comemoramos o Dia Mundial do Rim, uma ocasi\u00e3o importante para&#8230;<\/p>\n","protected":false},"author":3,"featured_media":33678,"comment_status":"open","ping_status":"open","sticky":false,"template":"","format":"standard","meta":[],"categories":[2790],"tags":[],"_links":{"self":[{"href":"https:\/\/www.uninter.com\/radio\/wp-json\/wp\/v2\/posts\/36398"}],"collection":[{"href":"https:\/\/www.uninter.com\/radio\/wp-json\/wp\/v2\/posts"}],"about":[{"href":"https:\/\/www.uninter.com\/radio\/wp-json\/wp\/v2\/types\/post"}],"author":[{"embeddable":true,"href":"https:\/\/www.uninter.com\/radio\/wp-json\/wp\/v2\/users\/3"}],"replies":[{"embeddable":true,"href":"https:\/\/www.uninter.com\/radio\/wp-json\/wp\/v2\/comments?post=36398"}],"version-history":[{"count":1,"href":"https:\/\/www.uninter.com\/radio\/wp-json\/wp\/v2\/posts\/36398\/revisions"}],"predecessor-version":[{"id":36400,"href":"https:\/\/www.uninter.com\/radio\/wp-json\/wp\/v2\/posts\/36398\/revisions\/36400"}],"wp:featuredmedia":[{"embeddable":true,"href":"https:\/\/www.uninter.com\/radio\/wp-json\/wp\/v2\/media\/33678"}],"wp:attachment":[{"href":"https:\/\/www.uninter.com\/radio\/wp-json\/wp\/v2\/media?parent=36398"}],"wp:term":[{"taxonomy":"category","embeddable":true,"href":"https:\/\/www.uninter.com\/radio\/wp-json\/wp\/v2\/categories?post=36398"},{"taxonomy":"post_tag","embeddable":true,"href":"https:\/\/www.uninter.com\/radio\/wp-json\/wp\/v2\/tags?post=36398"}],"curies":[{"name":"wp","href":"https:\/\/api.w.org\/{rel}","templated":true}]}}