{"id":36395,"date":"2024-03-13T10:39:51","date_gmt":"2024-03-13T13:39:51","guid":{"rendered":"https:\/\/www.uninter.com\/radio\/?p=36395"},"modified":"2024-03-13T10:39:52","modified_gmt":"2024-03-13T13:39:52","slug":"gestao-publica-em-debate-eleicoes-municipais-2024","status":"publish","type":"post","link":"https:\/\/www.uninter.com\/radio\/gestao-publica-em-debate-eleicoes-municipais-2024","title":{"rendered":"Gest\u00e3o P\u00fablica em Debate | Elei\u00e7\u00f5es Municipais 2024"},"content":{"rendered":"\n<figure class=\"wp-block-audio\"><audio controls src=\"https:\/\/www.uninter.com\/radio\/wp-content\/uploads\/2024\/03\/gestao-publica-04-03-2024.mp3\"><\/audio><\/figure>\n\n\n\n<p>Com as elei\u00e7\u00f5es municipais de 2024 se aproximando, \u00e9 crucial entendermos o que est\u00e1 em jogo e como podemos nos preparar para esse momento t\u00e3o importante da democracia local. Por isso, o Gest\u00e3o P\u00fablica em Debate retorna em nova temporada para falar sobre as principais quest\u00f5es que moldar\u00e3o as elei\u00e7\u00f5es municipais deste ano. Para a conversa, Manon Garcia e Ricieri Garbelini recebem o Analista Judici\u00e1rio do Tribunal Regional Eleitoral do Paran\u00e1 Frederico Almeida.<\/p>\n","protected":false},"excerpt":{"rendered":"<p>Com as elei\u00e7\u00f5es municipais de 2024 se aproximando, \u00e9 crucial entendermos o que est\u00e1 em&#8230;<\/p>\n","protected":false},"author":3,"featured_media":35653,"comment_status":"open","ping_status":"open","sticky":false,"template":"","format":"standard","meta":[],"categories":[2848],"tags":[],"_links":{"self":[{"href":"https:\/\/www.uninter.com\/radio\/wp-json\/wp\/v2\/posts\/36395"}],"collection":[{"href":"https:\/\/www.uninter.com\/radio\/wp-json\/wp\/v2\/posts"}],"about":[{"href":"https:\/\/www.uninter.com\/radio\/wp-json\/wp\/v2\/types\/post"}],"author":[{"embeddable":true,"href":"https:\/\/www.uninter.com\/radio\/wp-json\/wp\/v2\/users\/3"}],"replies":[{"embeddable":true,"href":"https:\/\/www.uninter.com\/radio\/wp-json\/wp\/v2\/comments?post=36395"}],"version-history":[{"count":1,"href":"https:\/\/www.uninter.com\/radio\/wp-json\/wp\/v2\/posts\/36395\/revisions"}],"predecessor-version":[{"id":36397,"href":"https:\/\/www.uninter.com\/radio\/wp-json\/wp\/v2\/posts\/36395\/revisions\/36397"}],"wp:featuredmedia":[{"embeddable":true,"href":"https:\/\/www.uninter.com\/radio\/wp-json\/wp\/v2\/media\/35653"}],"wp:attachment":[{"href":"https:\/\/www.uninter.com\/radio\/wp-json\/wp\/v2\/media?parent=36395"}],"wp:term":[{"taxonomy":"category","embeddable":true,"href":"https:\/\/www.uninter.com\/radio\/wp-json\/wp\/v2\/categories?post=36395"},{"taxonomy":"post_tag","embeddable":true,"href":"https:\/\/www.uninter.com\/radio\/wp-json\/wp\/v2\/tags?post=36395"}],"curies":[{"name":"wp","href":"https:\/\/api.w.org\/{rel}","templated":true}]}}