{"id":36388,"date":"2024-03-06T12:23:13","date_gmt":"2024-03-06T15:23:13","guid":{"rendered":"https:\/\/www.uninter.com\/radio\/?p=36388"},"modified":"2024-03-06T12:23:15","modified_gmt":"2024-03-06T15:23:15","slug":"inclusao-em-rede-conversando-sobre-a-sindrome-de-down","status":"publish","type":"post","link":"https:\/\/www.uninter.com\/radio\/inclusao-em-rede-conversando-sobre-a-sindrome-de-down","title":{"rendered":"Inclus\u00e3o em Rede | Conversando sobre a S\u00edndrome de Down"},"content":{"rendered":"\n<figure class=\"wp-block-audio\"><audio controls src=\"blob:https:\/\/www.uninter.com\/229da364-e9b7-4446-bd32-ccd1ea9023c4\"><\/audio><\/figure>\n\n\n\n<p>O programa Inclus\u00e3o em Rede retorna para a temporada 2024, e na primeira edi\u00e7\u00e3o do ano, vamos abordar mitos comuns e trazer informa\u00e7\u00f5es precisas e atualizadas sobre as necessidades, habilidades e potenciais das pessoas com S\u00edndrome de Down. Para a conversa, Leomar Marchesini recebe a profissional da \u00e1rea da Educa\u00e7\u00e3o Inclusiva D\u00e9borah de Araujo Maia. N\u00e3o se esque\u00e7a de deixar seus coment\u00e1rios, compartilhar este v\u00eddeo e se inscrever no canal para mais conte\u00fados inspiradores sobre temas importantes da vida humana.<\/p>\n","protected":false},"excerpt":{"rendered":"<p>O programa Inclus\u00e3o em Rede retorna para a temporada 2024, e na primeira edi\u00e7\u00e3o do&#8230;<\/p>\n","protected":false},"author":3,"featured_media":33698,"comment_status":"open","ping_status":"open","sticky":false,"template":"","format":"standard","meta":[],"categories":[2727],"tags":[],"_links":{"self":[{"href":"https:\/\/www.uninter.com\/radio\/wp-json\/wp\/v2\/posts\/36388"}],"collection":[{"href":"https:\/\/www.uninter.com\/radio\/wp-json\/wp\/v2\/posts"}],"about":[{"href":"https:\/\/www.uninter.com\/radio\/wp-json\/wp\/v2\/types\/post"}],"author":[{"embeddable":true,"href":"https:\/\/www.uninter.com\/radio\/wp-json\/wp\/v2\/users\/3"}],"replies":[{"embeddable":true,"href":"https:\/\/www.uninter.com\/radio\/wp-json\/wp\/v2\/comments?post=36388"}],"version-history":[{"count":1,"href":"https:\/\/www.uninter.com\/radio\/wp-json\/wp\/v2\/posts\/36388\/revisions"}],"predecessor-version":[{"id":36389,"href":"https:\/\/www.uninter.com\/radio\/wp-json\/wp\/v2\/posts\/36388\/revisions\/36389"}],"wp:featuredmedia":[{"embeddable":true,"href":"https:\/\/www.uninter.com\/radio\/wp-json\/wp\/v2\/media\/33698"}],"wp:attachment":[{"href":"https:\/\/www.uninter.com\/radio\/wp-json\/wp\/v2\/media?parent=36388"}],"wp:term":[{"taxonomy":"category","embeddable":true,"href":"https:\/\/www.uninter.com\/radio\/wp-json\/wp\/v2\/categories?post=36388"},{"taxonomy":"post_tag","embeddable":true,"href":"https:\/\/www.uninter.com\/radio\/wp-json\/wp\/v2\/tags?post=36388"}],"curies":[{"name":"wp","href":"https:\/\/api.w.org\/{rel}","templated":true}]}}