{"id":36385,"date":"2024-03-06T12:16:19","date_gmt":"2024-03-06T15:16:19","guid":{"rendered":"https:\/\/www.uninter.com\/radio\/?p=36385"},"modified":"2024-03-06T12:16:20","modified_gmt":"2024-03-06T15:16:20","slug":"negocios-e-tendencias-desenvolvimento-pessoal-e-profissional","status":"publish","type":"post","link":"https:\/\/www.uninter.com\/radio\/negocios-e-tendencias-desenvolvimento-pessoal-e-profissional","title":{"rendered":"Neg\u00f3cios e Tend\u00eancias | Desenvolvimento pessoal e profissional"},"content":{"rendered":"\n<figure class=\"wp-block-audio\"><audio controls src=\"https:\/\/www.uninter.com\/radio\/wp-content\/uploads\/2024\/03\/negocios-e-tendencias-02-03-2024.mp3\"><\/audio><\/figure>\n\n\n\n<p>O desenvolvimento pessoal e profissional \u00e9 uma jornada cont\u00ednua de autodescoberta, aprendizado e crescimento. O Neg\u00f3cios e Tend\u00eancias desta semana apresenta estrat\u00e9gias eficazes para expandir suas habilidades, aprimorar sua mentalidade e alcan\u00e7ar seus objetivos. Acompanhe os professores Ivo Carraro e Tha\u00eds Marion na transmiss\u00e3o.<\/p>\n","protected":false},"excerpt":{"rendered":"<p>O desenvolvimento pessoal e profissional \u00e9 uma jornada cont\u00ednua de autodescoberta, aprendizado e crescimento. O&#8230;<\/p>\n","protected":false},"author":3,"featured_media":33694,"comment_status":"open","ping_status":"open","sticky":false,"template":"","format":"standard","meta":[],"categories":[2698],"tags":[],"_links":{"self":[{"href":"https:\/\/www.uninter.com\/radio\/wp-json\/wp\/v2\/posts\/36385"}],"collection":[{"href":"https:\/\/www.uninter.com\/radio\/wp-json\/wp\/v2\/posts"}],"about":[{"href":"https:\/\/www.uninter.com\/radio\/wp-json\/wp\/v2\/types\/post"}],"author":[{"embeddable":true,"href":"https:\/\/www.uninter.com\/radio\/wp-json\/wp\/v2\/users\/3"}],"replies":[{"embeddable":true,"href":"https:\/\/www.uninter.com\/radio\/wp-json\/wp\/v2\/comments?post=36385"}],"version-history":[{"count":1,"href":"https:\/\/www.uninter.com\/radio\/wp-json\/wp\/v2\/posts\/36385\/revisions"}],"predecessor-version":[{"id":36387,"href":"https:\/\/www.uninter.com\/radio\/wp-json\/wp\/v2\/posts\/36385\/revisions\/36387"}],"wp:featuredmedia":[{"embeddable":true,"href":"https:\/\/www.uninter.com\/radio\/wp-json\/wp\/v2\/media\/33694"}],"wp:attachment":[{"href":"https:\/\/www.uninter.com\/radio\/wp-json\/wp\/v2\/media?parent=36385"}],"wp:term":[{"taxonomy":"category","embeddable":true,"href":"https:\/\/www.uninter.com\/radio\/wp-json\/wp\/v2\/categories?post=36385"},{"taxonomy":"post_tag","embeddable":true,"href":"https:\/\/www.uninter.com\/radio\/wp-json\/wp\/v2\/tags?post=36385"}],"curies":[{"name":"wp","href":"https:\/\/api.w.org\/{rel}","templated":true}]}}