{"id":36375,"date":"2024-03-06T12:02:35","date_gmt":"2024-03-06T15:02:35","guid":{"rendered":"https:\/\/www.uninter.com\/radio\/?p=36375"},"modified":"2024-03-06T12:02:37","modified_gmt":"2024-03-06T15:02:37","slug":"saude-em-foco-cancer-em-idosos","status":"publish","type":"post","link":"https:\/\/www.uninter.com\/radio\/saude-em-foco-cancer-em-idosos","title":{"rendered":"Sa\u00fade em Foco | C\u00e2ncer em idosos"},"content":{"rendered":"\n<figure class=\"wp-block-audio\"><audio controls src=\"blob:https:\/\/www.uninter.com\/75abfd29-dde6-48e7-a8af-473a2861e641\"><\/audio><\/figure>\n\n\n\n<p>No mundo moderno, o c\u00e2ncer \u00e9 uma realidade enfrentada por muitas pessoas, e os idosos est\u00e3o entre os grupos mais afetados. Nesta semana, o programa Sa\u00fade em Foco aborda o complexo cen\u00e1rio do c\u00e2ncer em idosos, explorando os desafios \u00fanicos que enfrentam e as esperan\u00e7as que existem. Para a conversa, Barbara Carvalho recebe as professoras Maria Caroline Waldrigues e Patr\u00edcia Candiotto.<\/p>\n","protected":false},"excerpt":{"rendered":"<p>No mundo moderno, o c\u00e2ncer \u00e9 uma realidade enfrentada por muitas pessoas, e os idosos&#8230;<\/p>\n","protected":false},"author":3,"featured_media":33678,"comment_status":"open","ping_status":"open","sticky":false,"template":"","format":"standard","meta":[],"categories":[2790],"tags":[],"_links":{"self":[{"href":"https:\/\/www.uninter.com\/radio\/wp-json\/wp\/v2\/posts\/36375"}],"collection":[{"href":"https:\/\/www.uninter.com\/radio\/wp-json\/wp\/v2\/posts"}],"about":[{"href":"https:\/\/www.uninter.com\/radio\/wp-json\/wp\/v2\/types\/post"}],"author":[{"embeddable":true,"href":"https:\/\/www.uninter.com\/radio\/wp-json\/wp\/v2\/users\/3"}],"replies":[{"embeddable":true,"href":"https:\/\/www.uninter.com\/radio\/wp-json\/wp\/v2\/comments?post=36375"}],"version-history":[{"count":1,"href":"https:\/\/www.uninter.com\/radio\/wp-json\/wp\/v2\/posts\/36375\/revisions"}],"predecessor-version":[{"id":36376,"href":"https:\/\/www.uninter.com\/radio\/wp-json\/wp\/v2\/posts\/36375\/revisions\/36376"}],"wp:featuredmedia":[{"embeddable":true,"href":"https:\/\/www.uninter.com\/radio\/wp-json\/wp\/v2\/media\/33678"}],"wp:attachment":[{"href":"https:\/\/www.uninter.com\/radio\/wp-json\/wp\/v2\/media?parent=36375"}],"wp:term":[{"taxonomy":"category","embeddable":true,"href":"https:\/\/www.uninter.com\/radio\/wp-json\/wp\/v2\/categories?post=36375"},{"taxonomy":"post_tag","embeddable":true,"href":"https:\/\/www.uninter.com\/radio\/wp-json\/wp\/v2\/tags?post=36375"}],"curies":[{"name":"wp","href":"https:\/\/api.w.org\/{rel}","templated":true}]}}