{"id":36366,"date":"2024-02-27T08:57:41","date_gmt":"2024-02-27T11:57:41","guid":{"rendered":"https:\/\/www.uninter.com\/radio\/?p=36366"},"modified":"2024-02-27T08:57:43","modified_gmt":"2024-02-27T11:57:43","slug":"negocios-e-tendencias-biofilme-natural-o-que-e","status":"publish","type":"post","link":"https:\/\/www.uninter.com\/radio\/negocios-e-tendencias-biofilme-natural-o-que-e","title":{"rendered":"Neg\u00f3cios e Tend\u00eancias | Biofilme natural: o que \u00e9?"},"content":{"rendered":"\n<figure class=\"wp-block-audio\"><audio controls src=\"https:\/\/www.uninter.com\/radio\/wp-content\/uploads\/2024\/02\/negocios-e-tendencias-23-02-2024.mp3\"><\/audio><\/figure>\n\n\n\n<p>Um biofilme natural \u00e9 uma comunidade microbiana complexa que se forma sobre superf\u00edcies s\u00f3lidas ou l\u00edquidas em ambientes naturais, como rios, lagos, oceanos, e at\u00e9 mesmo dentro do corpo humano. Conhe\u00e7a mais sobre seus impactos para o ecossistema no Neg\u00f3cios e Tend\u00eancias desta semana. A coordenadora dos cursos de p\u00f3s-gradua\u00e7\u00e3o em Meio Ambiente, Sandra Lopes, recebe a doutora e engenheira ambiental B\u00e1rbara Lima no programa.<\/p>\n","protected":false},"excerpt":{"rendered":"<p>Um biofilme natural \u00e9 uma comunidade microbiana complexa que se forma sobre superf\u00edcies s\u00f3lidas ou&#8230;<\/p>\n","protected":false},"author":3,"featured_media":33694,"comment_status":"open","ping_status":"open","sticky":false,"template":"","format":"standard","meta":[],"categories":[2698],"tags":[],"_links":{"self":[{"href":"https:\/\/www.uninter.com\/radio\/wp-json\/wp\/v2\/posts\/36366"}],"collection":[{"href":"https:\/\/www.uninter.com\/radio\/wp-json\/wp\/v2\/posts"}],"about":[{"href":"https:\/\/www.uninter.com\/radio\/wp-json\/wp\/v2\/types\/post"}],"author":[{"embeddable":true,"href":"https:\/\/www.uninter.com\/radio\/wp-json\/wp\/v2\/users\/3"}],"replies":[{"embeddable":true,"href":"https:\/\/www.uninter.com\/radio\/wp-json\/wp\/v2\/comments?post=36366"}],"version-history":[{"count":1,"href":"https:\/\/www.uninter.com\/radio\/wp-json\/wp\/v2\/posts\/36366\/revisions"}],"predecessor-version":[{"id":36368,"href":"https:\/\/www.uninter.com\/radio\/wp-json\/wp\/v2\/posts\/36366\/revisions\/36368"}],"wp:featuredmedia":[{"embeddable":true,"href":"https:\/\/www.uninter.com\/radio\/wp-json\/wp\/v2\/media\/33694"}],"wp:attachment":[{"href":"https:\/\/www.uninter.com\/radio\/wp-json\/wp\/v2\/media?parent=36366"}],"wp:term":[{"taxonomy":"category","embeddable":true,"href":"https:\/\/www.uninter.com\/radio\/wp-json\/wp\/v2\/categories?post=36366"},{"taxonomy":"post_tag","embeddable":true,"href":"https:\/\/www.uninter.com\/radio\/wp-json\/wp\/v2\/tags?post=36366"}],"curies":[{"name":"wp","href":"https:\/\/api.w.org\/{rel}","templated":true}]}}