{"id":36360,"date":"2024-02-27T08:43:51","date_gmt":"2024-02-27T11:43:51","guid":{"rendered":"https:\/\/www.uninter.com\/radio\/?p=36360"},"modified":"2024-02-27T08:43:52","modified_gmt":"2024-02-27T11:43:52","slug":"atualidades-da-educacao-a-questao-ecumenica","status":"publish","type":"post","link":"https:\/\/www.uninter.com\/radio\/atualidades-da-educacao-a-questao-ecumenica","title":{"rendered":"Atualidades da Educa\u00e7\u00e3o | A quest\u00e3o Ecum\u00eanica"},"content":{"rendered":"\n<figure class=\"wp-block-audio\"><audio controls src=\"https:\/\/www.uninter.com\/radio\/wp-content\/uploads\/2024\/02\/atualidades-da-educacao-21-02-2024.mp3\"><\/audio><\/figure>\n\n\n\n<p>&#8220;A quest\u00e3o ecum\u00eanica&#8221; refere-se ao movimento e esfor\u00e7os em dire\u00e7\u00e3o \u00e0 unidade entre diferentes tradi\u00e7\u00f5es religiosas e denomina\u00e7\u00f5es crist\u00e3s. Este conceito busca promover o di\u00e1logo, o entendimento m\u00fatuo e a coopera\u00e7\u00e3o entre diferentes vertentes do Cristianismo e, em alguns casos, entre diferentes religi\u00f5es. Vamos falar sobre este tema no Atualidades da Educa\u00e7\u00e3o desta semana. Alvino Moser recebe os professores Adriano Lima e Armando Kolbe Jr para falar sobre o assunto.<\/p>\n","protected":false},"excerpt":{"rendered":"<p>&#8220;A quest\u00e3o ecum\u00eanica&#8221; refere-se ao movimento e esfor\u00e7os em dire\u00e7\u00e3o \u00e0 unidade entre diferentes tradi\u00e7\u00f5es&#8230;<\/p>\n","protected":false},"author":3,"featured_media":33674,"comment_status":"open","ping_status":"open","sticky":false,"template":"","format":"standard","meta":[],"categories":[2760],"tags":[],"_links":{"self":[{"href":"https:\/\/www.uninter.com\/radio\/wp-json\/wp\/v2\/posts\/36360"}],"collection":[{"href":"https:\/\/www.uninter.com\/radio\/wp-json\/wp\/v2\/posts"}],"about":[{"href":"https:\/\/www.uninter.com\/radio\/wp-json\/wp\/v2\/types\/post"}],"author":[{"embeddable":true,"href":"https:\/\/www.uninter.com\/radio\/wp-json\/wp\/v2\/users\/3"}],"replies":[{"embeddable":true,"href":"https:\/\/www.uninter.com\/radio\/wp-json\/wp\/v2\/comments?post=36360"}],"version-history":[{"count":1,"href":"https:\/\/www.uninter.com\/radio\/wp-json\/wp\/v2\/posts\/36360\/revisions"}],"predecessor-version":[{"id":36362,"href":"https:\/\/www.uninter.com\/radio\/wp-json\/wp\/v2\/posts\/36360\/revisions\/36362"}],"wp:featuredmedia":[{"embeddable":true,"href":"https:\/\/www.uninter.com\/radio\/wp-json\/wp\/v2\/media\/33674"}],"wp:attachment":[{"href":"https:\/\/www.uninter.com\/radio\/wp-json\/wp\/v2\/media?parent=36360"}],"wp:term":[{"taxonomy":"category","embeddable":true,"href":"https:\/\/www.uninter.com\/radio\/wp-json\/wp\/v2\/categories?post=36360"},{"taxonomy":"post_tag","embeddable":true,"href":"https:\/\/www.uninter.com\/radio\/wp-json\/wp\/v2\/tags?post=36360"}],"curies":[{"name":"wp","href":"https:\/\/api.w.org\/{rel}","templated":true}]}}