{"id":36354,"date":"2024-02-21T16:24:39","date_gmt":"2024-02-21T19:24:39","guid":{"rendered":"https:\/\/www.uninter.com\/radio\/?p=36354"},"modified":"2024-02-21T16:24:40","modified_gmt":"2024-02-21T19:24:40","slug":"fala-prof-comunicacao-nao-violenta-o-que-e-e-para-que-serve","status":"publish","type":"post","link":"https:\/\/www.uninter.com\/radio\/fala-prof-comunicacao-nao-violenta-o-que-e-e-para-que-serve","title":{"rendered":"Fala, Prof! | Comunica\u00e7\u00e3o N\u00e3o Violenta: O que \u00e9 e para que serve?"},"content":{"rendered":"\n<figure class=\"wp-block-audio\"><audio controls src=\"blob:https:\/\/www.uninter.com\/54a09649-517a-4b1b-b903-0e8bcdc32bed\"><\/audio><\/figure>\n\n\n\n<p>A Comunica\u00e7\u00e3o N\u00e3o Violenta \u00e9 uma abordagem emp\u00e1tica e compassiva para a comunica\u00e7\u00e3o, desenvolvida pelo psic\u00f3logo Marshall Rosenberg. Ela se concentra em expressar honestamente nossas necessidades e sentimentos, ao mesmo tempo em que escuta ativamente os outros sem julgamento. <\/p>\n\n\n\n<p>Na primeira edi\u00e7\u00e3o do Fala, Prof! de 2024, vamos desvendar os princ\u00edpios fundamentais da CNV e como ela pode transformar conflitos em oportunidades de crescimento pessoal e conex\u00e3o genu\u00edna. <\/p>\n\n\n\n<p>Para a conversa, Talita Cabral recebe a jornalista Val\u00e9ria Maria Navarro, atualmente doutoranda em Tecnologia e Sociedade e autora dos livros &#8220;Teoria da Comunica\u00e7\u00e3o e Comunica\u00e7\u00e3o N\u00e3o Violenta&#8221; e &#8220;M\u00eddias e Comunica\u00e7\u00e3o nos Direitos Humanos e Movimentos Sociais&#8221;.<\/p>\n","protected":false},"excerpt":{"rendered":"<p>A Comunica\u00e7\u00e3o N\u00e3o Violenta \u00e9 uma abordagem emp\u00e1tica e compassiva para a comunica\u00e7\u00e3o, desenvolvida pelo&#8230;<\/p>\n","protected":false},"author":3,"featured_media":30526,"comment_status":"open","ping_status":"open","sticky":false,"template":"","format":"standard","meta":[],"categories":[2763],"tags":[],"_links":{"self":[{"href":"https:\/\/www.uninter.com\/radio\/wp-json\/wp\/v2\/posts\/36354"}],"collection":[{"href":"https:\/\/www.uninter.com\/radio\/wp-json\/wp\/v2\/posts"}],"about":[{"href":"https:\/\/www.uninter.com\/radio\/wp-json\/wp\/v2\/types\/post"}],"author":[{"embeddable":true,"href":"https:\/\/www.uninter.com\/radio\/wp-json\/wp\/v2\/users\/3"}],"replies":[{"embeddable":true,"href":"https:\/\/www.uninter.com\/radio\/wp-json\/wp\/v2\/comments?post=36354"}],"version-history":[{"count":1,"href":"https:\/\/www.uninter.com\/radio\/wp-json\/wp\/v2\/posts\/36354\/revisions"}],"predecessor-version":[{"id":36355,"href":"https:\/\/www.uninter.com\/radio\/wp-json\/wp\/v2\/posts\/36354\/revisions\/36355"}],"wp:featuredmedia":[{"embeddable":true,"href":"https:\/\/www.uninter.com\/radio\/wp-json\/wp\/v2\/media\/30526"}],"wp:attachment":[{"href":"https:\/\/www.uninter.com\/radio\/wp-json\/wp\/v2\/media?parent=36354"}],"wp:term":[{"taxonomy":"category","embeddable":true,"href":"https:\/\/www.uninter.com\/radio\/wp-json\/wp\/v2\/categories?post=36354"},{"taxonomy":"post_tag","embeddable":true,"href":"https:\/\/www.uninter.com\/radio\/wp-json\/wp\/v2\/tags?post=36354"}],"curies":[{"name":"wp","href":"https:\/\/api.w.org\/{rel}","templated":true}]}}