{"id":36337,"date":"2024-02-09T10:00:32","date_gmt":"2024-02-09T13:00:32","guid":{"rendered":"https:\/\/www.uninter.com\/radio\/?p=36337"},"modified":"2024-02-09T10:00:34","modified_gmt":"2024-02-09T13:00:34","slug":"atualidades-da-educacao-curriculo-para-as-geracoes-do-futuro","status":"publish","type":"post","link":"https:\/\/www.uninter.com\/radio\/atualidades-da-educacao-curriculo-para-as-geracoes-do-futuro","title":{"rendered":"Atualidades da Educa\u00e7\u00e3o | Curr\u00edculo para as gera\u00e7\u00f5es do futuro"},"content":{"rendered":"\n<figure class=\"wp-block-audio\"><audio controls src=\"https:\/\/www.uninter.com\/radio\/wp-content\/uploads\/2024\/02\/atualidades-da-educacao-07-02-2024-1.mp3\"><\/audio><\/figure>\n\n\n\n<p>A constru\u00e7\u00e3o do curr\u00edculo para as futuras gera\u00e7\u00f5es demanda uma abordagem que v\u00e1 al\u00e9m da tradicional lista de habilidades t\u00e9cnicas. Em um mundo em constante evolu\u00e7\u00e3o, \u00e9 essencial enfatizar n\u00e3o apenas a aquisi\u00e7\u00e3o de conhecimentos espec\u00edficos, mas tamb\u00e9m o desenvolvimento de habilidades transfer\u00edveis, como pensamento cr\u00edtico, resolu\u00e7\u00e3o de problemas, colabora\u00e7\u00e3o e intelig\u00eancia emocional. <\/p>\n\n\n\n<p>Essas e mais reflex\u00f5es s\u00e3o o tema do Atualidades da Educa\u00e7\u00e3o desta semana. Os professores Alvino Moser e Luis Fernando Lopes recebem o doutor em Ci\u00eancia da Educa\u00e7\u00e3o Jos\u00e9 Lauro Martins para o bate-papo.<\/p>\n","protected":false},"excerpt":{"rendered":"<p>A constru\u00e7\u00e3o do curr\u00edculo para as futuras gera\u00e7\u00f5es demanda uma abordagem que v\u00e1 al\u00e9m da&#8230;<\/p>\n","protected":false},"author":3,"featured_media":33674,"comment_status":"open","ping_status":"open","sticky":false,"template":"","format":"standard","meta":[],"categories":[2760],"tags":[],"_links":{"self":[{"href":"https:\/\/www.uninter.com\/radio\/wp-json\/wp\/v2\/posts\/36337"}],"collection":[{"href":"https:\/\/www.uninter.com\/radio\/wp-json\/wp\/v2\/posts"}],"about":[{"href":"https:\/\/www.uninter.com\/radio\/wp-json\/wp\/v2\/types\/post"}],"author":[{"embeddable":true,"href":"https:\/\/www.uninter.com\/radio\/wp-json\/wp\/v2\/users\/3"}],"replies":[{"embeddable":true,"href":"https:\/\/www.uninter.com\/radio\/wp-json\/wp\/v2\/comments?post=36337"}],"version-history":[{"count":1,"href":"https:\/\/www.uninter.com\/radio\/wp-json\/wp\/v2\/posts\/36337\/revisions"}],"predecessor-version":[{"id":36339,"href":"https:\/\/www.uninter.com\/radio\/wp-json\/wp\/v2\/posts\/36337\/revisions\/36339"}],"wp:featuredmedia":[{"embeddable":true,"href":"https:\/\/www.uninter.com\/radio\/wp-json\/wp\/v2\/media\/33674"}],"wp:attachment":[{"href":"https:\/\/www.uninter.com\/radio\/wp-json\/wp\/v2\/media?parent=36337"}],"wp:term":[{"taxonomy":"category","embeddable":true,"href":"https:\/\/www.uninter.com\/radio\/wp-json\/wp\/v2\/categories?post=36337"},{"taxonomy":"post_tag","embeddable":true,"href":"https:\/\/www.uninter.com\/radio\/wp-json\/wp\/v2\/tags?post=36337"}],"curies":[{"name":"wp","href":"https:\/\/api.w.org\/{rel}","templated":true}]}}