{"id":36331,"date":"2024-02-07T14:14:19","date_gmt":"2024-02-07T17:14:19","guid":{"rendered":"https:\/\/www.uninter.com\/radio\/?p=36331"},"modified":"2024-02-07T14:14:20","modified_gmt":"2024-02-07T17:14:20","slug":"saude-em-foco-dia-nacional-da-saude-unica-e-reconhecido-por-lei","status":"publish","type":"post","link":"https:\/\/www.uninter.com\/radio\/saude-em-foco-dia-nacional-da-saude-unica-e-reconhecido-por-lei","title":{"rendered":"Sa\u00fade em Foco | Dia Nacional da Sa\u00fade \u00danica \u00e9 reconhecido por lei"},"content":{"rendered":"\n<figure class=\"wp-block-audio\"><audio controls src=\"https:\/\/www.uninter.com\/radio\/wp-content\/uploads\/2024\/02\/saude-em-foco-06-02-2024.mp3\"><\/audio><\/figure>\n\n\n\n<p>O conceito de Sa\u00fade \u00danica \u00e9 ainda recente na ci\u00eancia que busca integrar diferentes \u00e1reas para tratar da sa\u00fade humana, animal e ambiental como uma grande \u00e1rea. A primeira edi\u00e7\u00e3o do Sa\u00fade em Foco do ano ccomenta a nova lei nacional que reconhece o dia 3 de novembro como a data oficial da Sa\u00fade \u00danica no Brasil. Barbara Carvalho recebe os professores Ivana Busato e Marivaldo Oliveira para o bate-papo.<\/p>\n","protected":false},"excerpt":{"rendered":"<p>O conceito de Sa\u00fade \u00danica \u00e9 ainda recente na ci\u00eancia que busca integrar diferentes \u00e1reas&#8230;<\/p>\n","protected":false},"author":3,"featured_media":33678,"comment_status":"open","ping_status":"open","sticky":false,"template":"","format":"standard","meta":[],"categories":[2790],"tags":[],"_links":{"self":[{"href":"https:\/\/www.uninter.com\/radio\/wp-json\/wp\/v2\/posts\/36331"}],"collection":[{"href":"https:\/\/www.uninter.com\/radio\/wp-json\/wp\/v2\/posts"}],"about":[{"href":"https:\/\/www.uninter.com\/radio\/wp-json\/wp\/v2\/types\/post"}],"author":[{"embeddable":true,"href":"https:\/\/www.uninter.com\/radio\/wp-json\/wp\/v2\/users\/3"}],"replies":[{"embeddable":true,"href":"https:\/\/www.uninter.com\/radio\/wp-json\/wp\/v2\/comments?post=36331"}],"version-history":[{"count":1,"href":"https:\/\/www.uninter.com\/radio\/wp-json\/wp\/v2\/posts\/36331\/revisions"}],"predecessor-version":[{"id":36333,"href":"https:\/\/www.uninter.com\/radio\/wp-json\/wp\/v2\/posts\/36331\/revisions\/36333"}],"wp:featuredmedia":[{"embeddable":true,"href":"https:\/\/www.uninter.com\/radio\/wp-json\/wp\/v2\/media\/33678"}],"wp:attachment":[{"href":"https:\/\/www.uninter.com\/radio\/wp-json\/wp\/v2\/media?parent=36331"}],"wp:term":[{"taxonomy":"category","embeddable":true,"href":"https:\/\/www.uninter.com\/radio\/wp-json\/wp\/v2\/categories?post=36331"},{"taxonomy":"post_tag","embeddable":true,"href":"https:\/\/www.uninter.com\/radio\/wp-json\/wp\/v2\/tags?post=36331"}],"curies":[{"name":"wp","href":"https:\/\/api.w.org\/{rel}","templated":true}]}}