{"id":36318,"date":"2024-02-01T09:20:05","date_gmt":"2024-02-01T12:20:05","guid":{"rendered":"https:\/\/www.uninter.com\/radio\/?p=36318"},"modified":"2024-02-01T09:20:06","modified_gmt":"2024-02-01T12:20:06","slug":"segredos-da-arquitetura-e-do-design-estrategias-de-projeto-e-inovacao-em-arquitetura-de-interiores","status":"publish","type":"post","link":"https:\/\/www.uninter.com\/radio\/segredos-da-arquitetura-e-do-design-estrategias-de-projeto-e-inovacao-em-arquitetura-de-interiores","title":{"rendered":"Segredos da Arquitetura e do Design | Estrat\u00e9gias de projeto e inova\u00e7\u00e3o em arquitetura de interiores"},"content":{"rendered":"\n<figure class=\"wp-block-audio\"><audio controls src=\"https:\/\/www.uninter.com\/radio\/wp-content\/uploads\/2024\/02\/segredos-da-arquitetura-29-01-2024.mp3\"><\/audio><\/figure>\n\n\n\n<p>A arquitetura \u00e9 uma das artes que expressa o ser humano. No sentido mais amplo, a sociedade e a natureza se modificam constantemente e com isso, os espa\u00e7os interiores s\u00e3o constru\u00eddos, revelados pela luz e vivenciados pelas pessoas. Por isso, na primeira edi\u00e7\u00e3o do ano o programa Segredos da Arquitetura e do Design fala sobre as mudan\u00e7as em rela\u00e7\u00e3o aos m\u00e9todos tradicionais de constru\u00e7\u00e3o, debatendo estrat\u00e9gias de projeto e a inova\u00e7\u00e3o em arquitetura de interiores. Para a conversa, Andressa Mu\u00f1oz recebe a arquiteta e tutora dos cursos de p\u00f3s-gradua\u00e7\u00e3o em arquitetura e design na Uninter, Scharlise Deysi Minte dos Santos.<\/p>\n","protected":false},"excerpt":{"rendered":"<p>A arquitetura \u00e9 uma das artes que expressa o ser humano. No sentido mais amplo,&#8230;<\/p>\n","protected":false},"author":3,"featured_media":35326,"comment_status":"open","ping_status":"open","sticky":false,"template":"","format":"standard","meta":[],"categories":[2709],"tags":[],"_links":{"self":[{"href":"https:\/\/www.uninter.com\/radio\/wp-json\/wp\/v2\/posts\/36318"}],"collection":[{"href":"https:\/\/www.uninter.com\/radio\/wp-json\/wp\/v2\/posts"}],"about":[{"href":"https:\/\/www.uninter.com\/radio\/wp-json\/wp\/v2\/types\/post"}],"author":[{"embeddable":true,"href":"https:\/\/www.uninter.com\/radio\/wp-json\/wp\/v2\/users\/3"}],"replies":[{"embeddable":true,"href":"https:\/\/www.uninter.com\/radio\/wp-json\/wp\/v2\/comments?post=36318"}],"version-history":[{"count":1,"href":"https:\/\/www.uninter.com\/radio\/wp-json\/wp\/v2\/posts\/36318\/revisions"}],"predecessor-version":[{"id":36320,"href":"https:\/\/www.uninter.com\/radio\/wp-json\/wp\/v2\/posts\/36318\/revisions\/36320"}],"wp:featuredmedia":[{"embeddable":true,"href":"https:\/\/www.uninter.com\/radio\/wp-json\/wp\/v2\/media\/35326"}],"wp:attachment":[{"href":"https:\/\/www.uninter.com\/radio\/wp-json\/wp\/v2\/media?parent=36318"}],"wp:term":[{"taxonomy":"category","embeddable":true,"href":"https:\/\/www.uninter.com\/radio\/wp-json\/wp\/v2\/categories?post=36318"},{"taxonomy":"post_tag","embeddable":true,"href":"https:\/\/www.uninter.com\/radio\/wp-json\/wp\/v2\/tags?post=36318"}],"curies":[{"name":"wp","href":"https:\/\/api.w.org\/{rel}","templated":true}]}}