{"id":36305,"date":"2023-12-13T10:24:48","date_gmt":"2023-12-13T13:24:48","guid":{"rendered":"https:\/\/www.uninter.com\/radio\/?p=36305"},"modified":"2023-12-13T10:24:49","modified_gmt":"2023-12-13T13:24:49","slug":"fala-prof-saude-mental-em-fim-de-ano","status":"publish","type":"post","link":"https:\/\/www.uninter.com\/radio\/fala-prof-saude-mental-em-fim-de-ano","title":{"rendered":"Fala, Prof! | Sa\u00fade mental em fim de ano"},"content":{"rendered":"\n<figure class=\"wp-block-audio\"><audio controls src=\"https:\/\/www.uninter.com\/radio\/wp-content\/uploads\/2023\/12\/fala-prof-12-12-2023.mp3\"><\/audio><\/figure>\n\n\n\n<p>Com o fim do ano chegando, muitas preocupa\u00e7\u00f5es permeiam nossas cabe\u00e7as: se os filhos tiveram bom desempenho na escola, o encontro com os familiares para as festas e poss\u00edveis conflitos, metas tra\u00e7adas e n\u00e3o cumpridas. Como anda a sua sa\u00fade mental? Como voc\u00ea est\u00e1 se preparando para encerrar um ano e iniciar outro? Venha participar conosco e aprender dicas de como fechar este ciclo de bem com voc\u00ea mesmo e iniciar 2024 com os \u00e2nimos renovados! Para este bate papo, contaremos com a participa\u00e7\u00e3o especial das Psic\u00f3logas Tais Martins e Amanda Rocha.<\/p>\n","protected":false},"excerpt":{"rendered":"<p>Com o fim do ano chegando, muitas preocupa\u00e7\u00f5es permeiam nossas cabe\u00e7as: se os filhos tiveram&#8230;<\/p>\n","protected":false},"author":3,"featured_media":30526,"comment_status":"open","ping_status":"open","sticky":false,"template":"","format":"standard","meta":[],"categories":[2763],"tags":[],"_links":{"self":[{"href":"https:\/\/www.uninter.com\/radio\/wp-json\/wp\/v2\/posts\/36305"}],"collection":[{"href":"https:\/\/www.uninter.com\/radio\/wp-json\/wp\/v2\/posts"}],"about":[{"href":"https:\/\/www.uninter.com\/radio\/wp-json\/wp\/v2\/types\/post"}],"author":[{"embeddable":true,"href":"https:\/\/www.uninter.com\/radio\/wp-json\/wp\/v2\/users\/3"}],"replies":[{"embeddable":true,"href":"https:\/\/www.uninter.com\/radio\/wp-json\/wp\/v2\/comments?post=36305"}],"version-history":[{"count":1,"href":"https:\/\/www.uninter.com\/radio\/wp-json\/wp\/v2\/posts\/36305\/revisions"}],"predecessor-version":[{"id":36307,"href":"https:\/\/www.uninter.com\/radio\/wp-json\/wp\/v2\/posts\/36305\/revisions\/36307"}],"wp:featuredmedia":[{"embeddable":true,"href":"https:\/\/www.uninter.com\/radio\/wp-json\/wp\/v2\/media\/30526"}],"wp:attachment":[{"href":"https:\/\/www.uninter.com\/radio\/wp-json\/wp\/v2\/media?parent=36305"}],"wp:term":[{"taxonomy":"category","embeddable":true,"href":"https:\/\/www.uninter.com\/radio\/wp-json\/wp\/v2\/categories?post=36305"},{"taxonomy":"post_tag","embeddable":true,"href":"https:\/\/www.uninter.com\/radio\/wp-json\/wp\/v2\/tags?post=36305"}],"curies":[{"name":"wp","href":"https:\/\/api.w.org\/{rel}","templated":true}]}}