{"id":36283,"date":"2023-12-12T15:17:36","date_gmt":"2023-12-12T18:17:36","guid":{"rendered":"https:\/\/www.uninter.com\/radio\/?p=36283"},"modified":"2023-12-12T15:17:38","modified_gmt":"2023-12-12T18:17:38","slug":"conversa-com-o-reitor-especial-nota-maxima-a-excelencia-dos-cursos-mais-bem-avaliados-pelo-mec","status":"publish","type":"post","link":"https:\/\/www.uninter.com\/radio\/conversa-com-o-reitor-especial-nota-maxima-a-excelencia-dos-cursos-mais-bem-avaliados-pelo-mec","title":{"rendered":"Conversa com o Reitor | Especial nota m\u00e1xima: a excel\u00eancia dos cursos mais bem avaliados pelo MEC"},"content":{"rendered":"\n<figure class=\"wp-block-audio\"><audio controls src=\"blob:https:\/\/www.uninter.com\/b708e04b-195f-4f71-81de-c605767fc13b\"><\/audio><\/figure>\n\n\n\n<p>A Uninter tem 93 cursos avaliados pelo Minist\u00e9rio da Educa\u00e7\u00e3o (MEC), dos quais 68 obtiveram nota m\u00e1xima. A nota 5, portanto, \u00e9 atribu\u00edda a 73% dos cursos da institui\u00e7\u00e3o. Neste fim de ano, o programa Conversa com o Reitor traz duas edi\u00e7\u00f5es especiais para mostrar a excel\u00eancia dos cursos mais bem avaliados pelo MEC. Nesta segunda edi\u00e7\u00e3o, Benhur Gaio recebe coordenadores da Escola Superior Polit\u00e9cnica, da Escola Superior de Gest\u00e3o P\u00fablica, Pol\u00edtica, Jur\u00eddica e Seguran\u00e7a, e tamb\u00e9m da Escola Superior de Gest\u00e3o, Comunica\u00e7\u00e3o e Neg\u00f3cios.<\/p>\n","protected":false},"excerpt":{"rendered":"<p>A Uninter tem 93 cursos avaliados pelo Minist\u00e9rio da Educa\u00e7\u00e3o (MEC), dos quais 68 obtiveram&#8230;<\/p>\n","protected":false},"author":3,"featured_media":31088,"comment_status":"open","ping_status":"open","sticky":false,"template":"","format":"standard","meta":[],"categories":[2724],"tags":[],"_links":{"self":[{"href":"https:\/\/www.uninter.com\/radio\/wp-json\/wp\/v2\/posts\/36283"}],"collection":[{"href":"https:\/\/www.uninter.com\/radio\/wp-json\/wp\/v2\/posts"}],"about":[{"href":"https:\/\/www.uninter.com\/radio\/wp-json\/wp\/v2\/types\/post"}],"author":[{"embeddable":true,"href":"https:\/\/www.uninter.com\/radio\/wp-json\/wp\/v2\/users\/3"}],"replies":[{"embeddable":true,"href":"https:\/\/www.uninter.com\/radio\/wp-json\/wp\/v2\/comments?post=36283"}],"version-history":[{"count":1,"href":"https:\/\/www.uninter.com\/radio\/wp-json\/wp\/v2\/posts\/36283\/revisions"}],"predecessor-version":[{"id":36284,"href":"https:\/\/www.uninter.com\/radio\/wp-json\/wp\/v2\/posts\/36283\/revisions\/36284"}],"wp:featuredmedia":[{"embeddable":true,"href":"https:\/\/www.uninter.com\/radio\/wp-json\/wp\/v2\/media\/31088"}],"wp:attachment":[{"href":"https:\/\/www.uninter.com\/radio\/wp-json\/wp\/v2\/media?parent=36283"}],"wp:term":[{"taxonomy":"category","embeddable":true,"href":"https:\/\/www.uninter.com\/radio\/wp-json\/wp\/v2\/categories?post=36283"},{"taxonomy":"post_tag","embeddable":true,"href":"https:\/\/www.uninter.com\/radio\/wp-json\/wp\/v2\/tags?post=36283"}],"curies":[{"name":"wp","href":"https:\/\/api.w.org\/{rel}","templated":true}]}}