{"id":36277,"date":"2023-12-12T15:10:25","date_gmt":"2023-12-12T18:10:25","guid":{"rendered":"https:\/\/www.uninter.com\/radio\/?p=36277"},"modified":"2023-12-12T15:10:26","modified_gmt":"2023-12-12T18:10:26","slug":"cafe-e-conhecimento-diversidade-equidade-e-inclusao-responsabilidade-ou-vantagem-competitiva","status":"publish","type":"post","link":"https:\/\/www.uninter.com\/radio\/cafe-e-conhecimento-diversidade-equidade-e-inclusao-responsabilidade-ou-vantagem-competitiva","title":{"rendered":"Caf\u00e9 e Conhecimento\u00a0| Diversidade, Equidade e Inclus\u00e3o: Responsabilidade ou Vantagem Competitiva?"},"content":{"rendered":"\n<figure class=\"wp-block-audio\"><audio controls src=\"https:\/\/www.uninter.com\/radio\/wp-content\/uploads\/2023\/12\/cafe-06-12-2023.mp3\"><\/audio><\/figure>\n\n\n\n<p>Na \u00faltima edi\u00e7\u00e3o do ano, o programa Caf\u00e9 e Conhecimento fala sobre diversidade, equidade e inclus\u00e3o, e debate se estes temas s\u00e3o de responsabilidade social ou se muitas empresas levam apenas como vantagem competitiva. Para a conversa, Daniele Farinhas recebe Alcides Mobricce Neto, psic\u00f3logo e Gerente S\u00eanior de Gest\u00e3o de Talentos, e tamb\u00e9m Manon Garcia, coordenadora de Gest\u00e3o P\u00fablica e Administra\u00e7\u00e3o P\u00fablica.<\/p>\n","protected":false},"excerpt":{"rendered":"<p>Na \u00faltima edi\u00e7\u00e3o do ano, o programa Caf\u00e9 e Conhecimento fala sobre diversidade, equidade e&#8230;<\/p>\n","protected":false},"author":3,"featured_media":33850,"comment_status":"open","ping_status":"open","sticky":false,"template":"","format":"standard","meta":[],"categories":[2839],"tags":[],"_links":{"self":[{"href":"https:\/\/www.uninter.com\/radio\/wp-json\/wp\/v2\/posts\/36277"}],"collection":[{"href":"https:\/\/www.uninter.com\/radio\/wp-json\/wp\/v2\/posts"}],"about":[{"href":"https:\/\/www.uninter.com\/radio\/wp-json\/wp\/v2\/types\/post"}],"author":[{"embeddable":true,"href":"https:\/\/www.uninter.com\/radio\/wp-json\/wp\/v2\/users\/3"}],"replies":[{"embeddable":true,"href":"https:\/\/www.uninter.com\/radio\/wp-json\/wp\/v2\/comments?post=36277"}],"version-history":[{"count":1,"href":"https:\/\/www.uninter.com\/radio\/wp-json\/wp\/v2\/posts\/36277\/revisions"}],"predecessor-version":[{"id":36279,"href":"https:\/\/www.uninter.com\/radio\/wp-json\/wp\/v2\/posts\/36277\/revisions\/36279"}],"wp:featuredmedia":[{"embeddable":true,"href":"https:\/\/www.uninter.com\/radio\/wp-json\/wp\/v2\/media\/33850"}],"wp:attachment":[{"href":"https:\/\/www.uninter.com\/radio\/wp-json\/wp\/v2\/media?parent=36277"}],"wp:term":[{"taxonomy":"category","embeddable":true,"href":"https:\/\/www.uninter.com\/radio\/wp-json\/wp\/v2\/categories?post=36277"},{"taxonomy":"post_tag","embeddable":true,"href":"https:\/\/www.uninter.com\/radio\/wp-json\/wp\/v2\/tags?post=36277"}],"curies":[{"name":"wp","href":"https:\/\/api.w.org\/{rel}","templated":true}]}}