{"id":36271,"date":"2023-12-12T15:05:13","date_gmt":"2023-12-12T18:05:13","guid":{"rendered":"https:\/\/www.uninter.com\/radio\/?p=36271"},"modified":"2023-12-12T15:05:14","modified_gmt":"2023-12-12T18:05:14","slug":"papo-castico-mulheres-negras-na-tv","status":"publish","type":"post","link":"https:\/\/www.uninter.com\/radio\/papo-castico-mulheres-negras-na-tv","title":{"rendered":"Papo Casti\u00e7o | Mulheres negras na TV"},"content":{"rendered":"\n<figure class=\"wp-block-audio\"><audio controls src=\"https:\/\/www.uninter.com\/radio\/wp-content\/uploads\/2023\/12\/papo-castico-06-12-2023-1.mp3\"><\/audio><\/figure>\n\n\n\n<p>Se falarmos sobre atrizes de TV, quantas mulheres negras vem a sua mente? A televis\u00e3o \u00e9 o meio de comunica\u00e7\u00e3o com maior abrang\u00eancia de audi\u00eancia. Principalmente no Brasil, desde os anos 50, quando surgiu por aqui, a tv ocupa um espa\u00e7o muito importante dentro das casas dos brasileiros. Mas ser\u00e1 que a popula\u00e7\u00e3o est\u00e1 de fato representada de acordo com a realidade de um pa\u00eds em que, mais da metade de seus habitantes s\u00e3o negros? Nesta semana no Papo Casti\u00e7o a apresentadora Joice Diaz recebe a a Jornalista Ana Lu\u00edsa Pereira, para falar sobre a representa\u00e7\u00e3o da mulher negra nos meios de comunica\u00e7\u00e3o.<\/p>\n","protected":false},"excerpt":{"rendered":"<p>Se falarmos sobre atrizes de TV, quantas mulheres negras vem a sua mente? A televis\u00e3o&#8230;<\/p>\n","protected":false},"author":3,"featured_media":34252,"comment_status":"open","ping_status":"open","sticky":false,"template":"","format":"standard","meta":[],"categories":[2841],"tags":[],"_links":{"self":[{"href":"https:\/\/www.uninter.com\/radio\/wp-json\/wp\/v2\/posts\/36271"}],"collection":[{"href":"https:\/\/www.uninter.com\/radio\/wp-json\/wp\/v2\/posts"}],"about":[{"href":"https:\/\/www.uninter.com\/radio\/wp-json\/wp\/v2\/types\/post"}],"author":[{"embeddable":true,"href":"https:\/\/www.uninter.com\/radio\/wp-json\/wp\/v2\/users\/3"}],"replies":[{"embeddable":true,"href":"https:\/\/www.uninter.com\/radio\/wp-json\/wp\/v2\/comments?post=36271"}],"version-history":[{"count":1,"href":"https:\/\/www.uninter.com\/radio\/wp-json\/wp\/v2\/posts\/36271\/revisions"}],"predecessor-version":[{"id":36273,"href":"https:\/\/www.uninter.com\/radio\/wp-json\/wp\/v2\/posts\/36271\/revisions\/36273"}],"wp:featuredmedia":[{"embeddable":true,"href":"https:\/\/www.uninter.com\/radio\/wp-json\/wp\/v2\/media\/34252"}],"wp:attachment":[{"href":"https:\/\/www.uninter.com\/radio\/wp-json\/wp\/v2\/media?parent=36271"}],"wp:term":[{"taxonomy":"category","embeddable":true,"href":"https:\/\/www.uninter.com\/radio\/wp-json\/wp\/v2\/categories?post=36271"},{"taxonomy":"post_tag","embeddable":true,"href":"https:\/\/www.uninter.com\/radio\/wp-json\/wp\/v2\/tags?post=36271"}],"curies":[{"name":"wp","href":"https:\/\/api.w.org\/{rel}","templated":true}]}}