{"id":36262,"date":"2023-12-12T14:53:50","date_gmt":"2023-12-12T17:53:50","guid":{"rendered":"https:\/\/www.uninter.com\/radio\/?p=36262"},"modified":"2023-12-12T14:53:51","modified_gmt":"2023-12-12T17:53:51","slug":"talento-em-foco-lideranca-exponencial","status":"publish","type":"post","link":"https:\/\/www.uninter.com\/radio\/talento-em-foco-lideranca-exponencial","title":{"rendered":"Talento em Foco | Lideran\u00e7a exponencial"},"content":{"rendered":"\n<figure class=\"wp-block-audio\"><audio controls src=\"https:\/\/www.uninter.com\/radio\/wp-content\/uploads\/2023\/12\/talento-em-foco-04-12-2023.mp3\"><\/audio><\/figure>\n\n\n\n<p>A lideran\u00e7a exponencial \u00e9 um conceito onde o l\u00edder precisa enfrentar momentos de incerteza e, neles, tomar decis\u00f5es r\u00e1pidas e eficazes sem prejudicar os resultados. Vamos falar sobre este tema no Talento em Foco de hoje, e para a conversa, Erika Lotz e Evandro Tosin recebem Icaro Barboza, empres\u00e1rio, mentor de empreendedores e consultor empresarial.<\/p>\n","protected":false},"excerpt":{"rendered":"<p>A lideran\u00e7a exponencial \u00e9 um conceito onde o l\u00edder precisa enfrentar momentos de incerteza e,&#8230;<\/p>\n","protected":false},"author":3,"featured_media":31128,"comment_status":"open","ping_status":"open","sticky":false,"template":"","format":"standard","meta":[],"categories":[2723],"tags":[],"_links":{"self":[{"href":"https:\/\/www.uninter.com\/radio\/wp-json\/wp\/v2\/posts\/36262"}],"collection":[{"href":"https:\/\/www.uninter.com\/radio\/wp-json\/wp\/v2\/posts"}],"about":[{"href":"https:\/\/www.uninter.com\/radio\/wp-json\/wp\/v2\/types\/post"}],"author":[{"embeddable":true,"href":"https:\/\/www.uninter.com\/radio\/wp-json\/wp\/v2\/users\/3"}],"replies":[{"embeddable":true,"href":"https:\/\/www.uninter.com\/radio\/wp-json\/wp\/v2\/comments?post=36262"}],"version-history":[{"count":1,"href":"https:\/\/www.uninter.com\/radio\/wp-json\/wp\/v2\/posts\/36262\/revisions"}],"predecessor-version":[{"id":36264,"href":"https:\/\/www.uninter.com\/radio\/wp-json\/wp\/v2\/posts\/36262\/revisions\/36264"}],"wp:featuredmedia":[{"embeddable":true,"href":"https:\/\/www.uninter.com\/radio\/wp-json\/wp\/v2\/media\/31128"}],"wp:attachment":[{"href":"https:\/\/www.uninter.com\/radio\/wp-json\/wp\/v2\/media?parent=36262"}],"wp:term":[{"taxonomy":"category","embeddable":true,"href":"https:\/\/www.uninter.com\/radio\/wp-json\/wp\/v2\/categories?post=36262"},{"taxonomy":"post_tag","embeddable":true,"href":"https:\/\/www.uninter.com\/radio\/wp-json\/wp\/v2\/tags?post=36262"}],"curies":[{"name":"wp","href":"https:\/\/api.w.org\/{rel}","templated":true}]}}