{"id":36257,"date":"2023-12-11T17:31:49","date_gmt":"2023-12-11T20:31:49","guid":{"rendered":"https:\/\/www.uninter.com\/radio\/?p=36257"},"modified":"2023-12-11T17:31:51","modified_gmt":"2023-12-11T20:31:51","slug":"inclusao-em-rede-o-parana-concretizando-a-inclusao-educacional","status":"publish","type":"post","link":"https:\/\/www.uninter.com\/radio\/inclusao-em-rede-o-parana-concretizando-a-inclusao-educacional","title":{"rendered":"Inclus\u00e3o em Rede | O Paran\u00e1 Concretizando a Inclus\u00e3o Educacional"},"content":{"rendered":"\n<figure class=\"wp-block-audio\"><audio controls src=\"https:\/\/www.uninter.com\/radio\/wp-content\/uploads\/2023\/12\/inclusao-em-rede-01-12-2023.mp3\"><\/audio><\/figure>\n\n\n\n<p>Nesta semana o programa Inclus\u00e3o em Rede fala sobre a luta da pessoa com defici\u00eancia. Para a conversa, Leomar Marchesini recebe Ma\u00edra de Oliveira, chefe do Departamento de Educa\u00e7\u00e3o Inclusiva da Secretaria de Estado da Educa\u00e7\u00e3o do Paran\u00e1.<\/p>\n","protected":false},"excerpt":{"rendered":"<p>Nesta semana o programa Inclus\u00e3o em Rede fala sobre a luta da pessoa com defici\u00eancia&#8230;.<\/p>\n","protected":false},"author":3,"featured_media":33698,"comment_status":"open","ping_status":"open","sticky":false,"template":"","format":"standard","meta":[],"categories":[2727],"tags":[],"_links":{"self":[{"href":"https:\/\/www.uninter.com\/radio\/wp-json\/wp\/v2\/posts\/36257"}],"collection":[{"href":"https:\/\/www.uninter.com\/radio\/wp-json\/wp\/v2\/posts"}],"about":[{"href":"https:\/\/www.uninter.com\/radio\/wp-json\/wp\/v2\/types\/post"}],"author":[{"embeddable":true,"href":"https:\/\/www.uninter.com\/radio\/wp-json\/wp\/v2\/users\/3"}],"replies":[{"embeddable":true,"href":"https:\/\/www.uninter.com\/radio\/wp-json\/wp\/v2\/comments?post=36257"}],"version-history":[{"count":1,"href":"https:\/\/www.uninter.com\/radio\/wp-json\/wp\/v2\/posts\/36257\/revisions"}],"predecessor-version":[{"id":36259,"href":"https:\/\/www.uninter.com\/radio\/wp-json\/wp\/v2\/posts\/36257\/revisions\/36259"}],"wp:featuredmedia":[{"embeddable":true,"href":"https:\/\/www.uninter.com\/radio\/wp-json\/wp\/v2\/media\/33698"}],"wp:attachment":[{"href":"https:\/\/www.uninter.com\/radio\/wp-json\/wp\/v2\/media?parent=36257"}],"wp:term":[{"taxonomy":"category","embeddable":true,"href":"https:\/\/www.uninter.com\/radio\/wp-json\/wp\/v2\/categories?post=36257"},{"taxonomy":"post_tag","embeddable":true,"href":"https:\/\/www.uninter.com\/radio\/wp-json\/wp\/v2\/tags?post=36257"}],"curies":[{"name":"wp","href":"https:\/\/api.w.org\/{rel}","templated":true}]}}