{"id":36226,"date":"2023-12-11T17:00:52","date_gmt":"2023-12-11T20:00:52","guid":{"rendered":"https:\/\/www.uninter.com\/radio\/?p=36226"},"modified":"2023-12-11T17:00:53","modified_gmt":"2023-12-11T20:00:53","slug":"segredos-da-arquitetura-e-do-design-arquitetura-de-curitiba-reflexo-da-historia-do-municipio","status":"publish","type":"post","link":"https:\/\/www.uninter.com\/radio\/segredos-da-arquitetura-e-do-design-arquitetura-de-curitiba-reflexo-da-historia-do-municipio","title":{"rendered":"Segredos da Arquitetura e do Design | Arquitetura de Curitiba: reflexo da hist\u00f3ria do munic\u00edpio"},"content":{"rendered":"\n<figure class=\"wp-block-audio\"><audio controls src=\"https:\/\/www.uninter.com\/radio\/wp-content\/uploads\/2023\/12\/segredos-da-arquitetura-27-11-2023.mp3\"><\/audio><\/figure>\n\n\n\n<p>O programa desta semana passeia pela hist\u00f3ria arquitet\u00f4nica de Curitiba ao longo dos s\u00e9culos para refletir sobre a atualidade do munic\u00edpio. Andressa Mu\u00f1oz recebe o coordenador da p\u00f3s-gradua\u00e7\u00e3o em Ma\u00e7onologia: Hist\u00f3ria e Filosofia da Uninter, Alvaro Crovador, para a conversa.<\/p>\n","protected":false},"excerpt":{"rendered":"<p>O programa desta semana passeia pela hist\u00f3ria arquitet\u00f4nica de Curitiba ao longo dos s\u00e9culos para&#8230;<\/p>\n","protected":false},"author":3,"featured_media":35326,"comment_status":"open","ping_status":"open","sticky":false,"template":"","format":"standard","meta":[],"categories":[2709],"tags":[],"_links":{"self":[{"href":"https:\/\/www.uninter.com\/radio\/wp-json\/wp\/v2\/posts\/36226"}],"collection":[{"href":"https:\/\/www.uninter.com\/radio\/wp-json\/wp\/v2\/posts"}],"about":[{"href":"https:\/\/www.uninter.com\/radio\/wp-json\/wp\/v2\/types\/post"}],"author":[{"embeddable":true,"href":"https:\/\/www.uninter.com\/radio\/wp-json\/wp\/v2\/users\/3"}],"replies":[{"embeddable":true,"href":"https:\/\/www.uninter.com\/radio\/wp-json\/wp\/v2\/comments?post=36226"}],"version-history":[{"count":1,"href":"https:\/\/www.uninter.com\/radio\/wp-json\/wp\/v2\/posts\/36226\/revisions"}],"predecessor-version":[{"id":36228,"href":"https:\/\/www.uninter.com\/radio\/wp-json\/wp\/v2\/posts\/36226\/revisions\/36228"}],"wp:featuredmedia":[{"embeddable":true,"href":"https:\/\/www.uninter.com\/radio\/wp-json\/wp\/v2\/media\/35326"}],"wp:attachment":[{"href":"https:\/\/www.uninter.com\/radio\/wp-json\/wp\/v2\/media?parent=36226"}],"wp:term":[{"taxonomy":"category","embeddable":true,"href":"https:\/\/www.uninter.com\/radio\/wp-json\/wp\/v2\/categories?post=36226"},{"taxonomy":"post_tag","embeddable":true,"href":"https:\/\/www.uninter.com\/radio\/wp-json\/wp\/v2\/tags?post=36226"}],"curies":[{"name":"wp","href":"https:\/\/api.w.org\/{rel}","templated":true}]}}