{"id":36222,"date":"2023-12-05T10:05:31","date_gmt":"2023-12-05T13:05:31","guid":{"rendered":"https:\/\/www.uninter.com\/radio\/?p=36222"},"modified":"2023-12-05T10:05:33","modified_gmt":"2023-12-05T13:05:33","slug":"inclusao-em-rede-a-formacao-no-instituto-paranaense-de-cegos","status":"publish","type":"post","link":"https:\/\/www.uninter.com\/radio\/inclusao-em-rede-a-formacao-no-instituto-paranaense-de-cegos","title":{"rendered":"Inclus\u00e3o em Rede | A forma\u00e7\u00e3o no Instituto Paranaense de Cegos"},"content":{"rendered":"\n<figure class=\"wp-block-audio\"><audio controls src=\"https:\/\/www.uninter.com\/radio\/wp-content\/uploads\/2023\/12\/inclusao-em-rede-24-11-2023.mp3\"><\/audio><\/figure>\n\n\n\n<p>Inclus\u00e3o em Rede | A forO Inclus\u00e3o em Rede desta semana te conta como \u00e9 a realizada a forma\u00e7\u00e3o do Instituto Paranaense de Cegos. Para a conversa, Leomar Marchesini recebe o professor do IPC, Maycon Lorkievicz, e a discente do curso de p\u00f3s-gradua\u00e7\u00e3o em Educa\u00e7\u00e3o Especial e Inclusiva da Uninter, Vict\u00f3ria Gisele de Ramos.<\/p>\n","protected":false},"excerpt":{"rendered":"<p>Inclus\u00e3o em Rede | A forO Inclus\u00e3o em Rede desta semana te conta como \u00e9&#8230;<\/p>\n","protected":false},"author":3,"featured_media":33698,"comment_status":"open","ping_status":"open","sticky":false,"template":"","format":"standard","meta":[],"categories":[2727],"tags":[],"_links":{"self":[{"href":"https:\/\/www.uninter.com\/radio\/wp-json\/wp\/v2\/posts\/36222"}],"collection":[{"href":"https:\/\/www.uninter.com\/radio\/wp-json\/wp\/v2\/posts"}],"about":[{"href":"https:\/\/www.uninter.com\/radio\/wp-json\/wp\/v2\/types\/post"}],"author":[{"embeddable":true,"href":"https:\/\/www.uninter.com\/radio\/wp-json\/wp\/v2\/users\/3"}],"replies":[{"embeddable":true,"href":"https:\/\/www.uninter.com\/radio\/wp-json\/wp\/v2\/comments?post=36222"}],"version-history":[{"count":1,"href":"https:\/\/www.uninter.com\/radio\/wp-json\/wp\/v2\/posts\/36222\/revisions"}],"predecessor-version":[{"id":36224,"href":"https:\/\/www.uninter.com\/radio\/wp-json\/wp\/v2\/posts\/36222\/revisions\/36224"}],"wp:featuredmedia":[{"embeddable":true,"href":"https:\/\/www.uninter.com\/radio\/wp-json\/wp\/v2\/media\/33698"}],"wp:attachment":[{"href":"https:\/\/www.uninter.com\/radio\/wp-json\/wp\/v2\/media?parent=36222"}],"wp:term":[{"taxonomy":"category","embeddable":true,"href":"https:\/\/www.uninter.com\/radio\/wp-json\/wp\/v2\/categories?post=36222"},{"taxonomy":"post_tag","embeddable":true,"href":"https:\/\/www.uninter.com\/radio\/wp-json\/wp\/v2\/tags?post=36222"}],"curies":[{"name":"wp","href":"https:\/\/api.w.org\/{rel}","templated":true}]}}