{"id":36213,"date":"2023-12-05T09:55:03","date_gmt":"2023-12-05T12:55:03","guid":{"rendered":"https:\/\/www.uninter.com\/radio\/?p=36213"},"modified":"2023-12-05T09:55:04","modified_gmt":"2023-12-05T12:55:04","slug":"chave-interdisciplinar-dengue-aspectos-gerais","status":"publish","type":"post","link":"https:\/\/www.uninter.com\/radio\/chave-interdisciplinar-dengue-aspectos-gerais","title":{"rendered":"Chave Interdisciplinar | Dengue: aspectos gerais"},"content":{"rendered":"\n<figure class=\"wp-block-audio\"><audio controls src=\"https:\/\/www.uninter.com\/radio\/wp-content\/uploads\/2023\/12\/chave-23-11-2023.mp3\"><\/audio><\/figure>\n\n\n\n<p>Nesta semana o programa Chave Interdisciplinar busca atrav\u00e9s do debate entre os professores convidados, uma abordagem a respeito da dengue, uma doen\u00e7a infecciosa aguda, causada por v\u00edrus, que acomete muitas pessoas no Brasil.<\/p>\n","protected":false},"excerpt":{"rendered":"<p>Nesta semana o programa Chave Interdisciplinar busca atrav\u00e9s do debate entre os professores convidados, uma&#8230;<\/p>\n","protected":false},"author":3,"featured_media":31168,"comment_status":"open","ping_status":"open","sticky":false,"template":"","format":"standard","meta":[],"categories":[2735],"tags":[],"_links":{"self":[{"href":"https:\/\/www.uninter.com\/radio\/wp-json\/wp\/v2\/posts\/36213"}],"collection":[{"href":"https:\/\/www.uninter.com\/radio\/wp-json\/wp\/v2\/posts"}],"about":[{"href":"https:\/\/www.uninter.com\/radio\/wp-json\/wp\/v2\/types\/post"}],"author":[{"embeddable":true,"href":"https:\/\/www.uninter.com\/radio\/wp-json\/wp\/v2\/users\/3"}],"replies":[{"embeddable":true,"href":"https:\/\/www.uninter.com\/radio\/wp-json\/wp\/v2\/comments?post=36213"}],"version-history":[{"count":1,"href":"https:\/\/www.uninter.com\/radio\/wp-json\/wp\/v2\/posts\/36213\/revisions"}],"predecessor-version":[{"id":36215,"href":"https:\/\/www.uninter.com\/radio\/wp-json\/wp\/v2\/posts\/36213\/revisions\/36215"}],"wp:featuredmedia":[{"embeddable":true,"href":"https:\/\/www.uninter.com\/radio\/wp-json\/wp\/v2\/media\/31168"}],"wp:attachment":[{"href":"https:\/\/www.uninter.com\/radio\/wp-json\/wp\/v2\/media?parent=36213"}],"wp:term":[{"taxonomy":"category","embeddable":true,"href":"https:\/\/www.uninter.com\/radio\/wp-json\/wp\/v2\/categories?post=36213"},{"taxonomy":"post_tag","embeddable":true,"href":"https:\/\/www.uninter.com\/radio\/wp-json\/wp\/v2\/tags?post=36213"}],"curies":[{"name":"wp","href":"https:\/\/api.w.org\/{rel}","templated":true}]}}