{"id":36201,"date":"2023-12-05T09:42:03","date_gmt":"2023-12-05T12:42:03","guid":{"rendered":"https:\/\/www.uninter.com\/radio\/?p=36201"},"modified":"2023-12-05T09:42:04","modified_gmt":"2023-12-05T12:42:04","slug":"papo-castico-povo-preto-no-ensino-superior","status":"publish","type":"post","link":"https:\/\/www.uninter.com\/radio\/papo-castico-povo-preto-no-ensino-superior","title":{"rendered":"Papo Casti\u00e7o | Povo preto no ensino superior"},"content":{"rendered":"\n<figure class=\"wp-block-audio\"><audio controls src=\"blob:https:\/\/www.uninter.com\/1f7d9b6c-70d2-4380-8cc1-0410c6cf65de\"><\/audio><\/figure>\n\n\n\n<p>Mesmo com a\u00e7\u00f5es afirmativas e pol\u00edticas de inclus\u00e3o, o acesso ao ensino superior no Brasil ainda \u00e9 restrito a uma parcela pequena da popula\u00e7\u00e3o. Quest\u00f5es como custo financeiro e desigualdade racial s\u00e3o grandes fatores que impedem o acesso \u00e0 Universidades. Segundo o censo do Ensino Superior de 2016, o sul do Brasil conta com apenas 4.37% de pessoas pretas que est\u00e3o em uma faculdade. Por isso se faz necess\u00e1rio criar medidas de acesso para aquelas pessoas que infelizmente, precisam enfrentar a desigualdade.<\/p>\n\n\n\n<p> Na Semana da Consci\u00eancia Negra, o Papo Casti\u00e7o fala sobre a presen\u00e7a dos negros nas universidades do pa\u00eds. Para esta conversa Joice Diaz recebe o publicit\u00e1rio e mestrando em comunica\u00e7\u00e3o Felipe Cardoso.<\/p>\n","protected":false},"excerpt":{"rendered":"<p>Mesmo com a\u00e7\u00f5es afirmativas e pol\u00edticas de inclus\u00e3o, o acesso ao ensino superior no Brasil&#8230;<\/p>\n","protected":false},"author":3,"featured_media":34252,"comment_status":"open","ping_status":"open","sticky":false,"template":"","format":"standard","meta":[],"categories":[2841],"tags":[],"_links":{"self":[{"href":"https:\/\/www.uninter.com\/radio\/wp-json\/wp\/v2\/posts\/36201"}],"collection":[{"href":"https:\/\/www.uninter.com\/radio\/wp-json\/wp\/v2\/posts"}],"about":[{"href":"https:\/\/www.uninter.com\/radio\/wp-json\/wp\/v2\/types\/post"}],"author":[{"embeddable":true,"href":"https:\/\/www.uninter.com\/radio\/wp-json\/wp\/v2\/users\/3"}],"replies":[{"embeddable":true,"href":"https:\/\/www.uninter.com\/radio\/wp-json\/wp\/v2\/comments?post=36201"}],"version-history":[{"count":1,"href":"https:\/\/www.uninter.com\/radio\/wp-json\/wp\/v2\/posts\/36201\/revisions"}],"predecessor-version":[{"id":36203,"href":"https:\/\/www.uninter.com\/radio\/wp-json\/wp\/v2\/posts\/36201\/revisions\/36203"}],"wp:featuredmedia":[{"embeddable":true,"href":"https:\/\/www.uninter.com\/radio\/wp-json\/wp\/v2\/media\/34252"}],"wp:attachment":[{"href":"https:\/\/www.uninter.com\/radio\/wp-json\/wp\/v2\/media?parent=36201"}],"wp:term":[{"taxonomy":"category","embeddable":true,"href":"https:\/\/www.uninter.com\/radio\/wp-json\/wp\/v2\/categories?post=36201"},{"taxonomy":"post_tag","embeddable":true,"href":"https:\/\/www.uninter.com\/radio\/wp-json\/wp\/v2\/tags?post=36201"}],"curies":[{"name":"wp","href":"https:\/\/api.w.org\/{rel}","templated":true}]}}