{"id":36192,"date":"2023-12-05T09:28:14","date_gmt":"2023-12-05T12:28:14","guid":{"rendered":"https:\/\/www.uninter.com\/radio\/?p=36192"},"modified":"2023-12-05T09:28:15","modified_gmt":"2023-12-05T12:28:15","slug":"talento-em-foco-o-poder-da-comunicacao","status":"publish","type":"post","link":"https:\/\/www.uninter.com\/radio\/talento-em-foco-o-poder-da-comunicacao","title":{"rendered":"Talento em Foco | O poder da comunica\u00e7\u00e3o"},"content":{"rendered":"\n<figure class=\"wp-block-audio\"><audio controls src=\"https:\/\/www.uninter.com\/radio\/wp-content\/uploads\/2023\/12\/talento-em-20-11-2023.mp3\"><\/audio><\/figure>\n\n\n\n<p>A comunica\u00e7\u00e3o \u00e9 uma habilidade muito importante para o ser humano, e quando bem utilizada, traz diversos benef\u00edcios. O programa Talento em Foco traz uma conversa sobre o poder da comunica\u00e7\u00e3o, e para isso, Barbara Carvalho e Erika Lotz recebem Valter Otaviano, analista comportamental.<\/p>\n","protected":false},"excerpt":{"rendered":"<p>A comunica\u00e7\u00e3o \u00e9 uma habilidade muito importante para o ser humano, e quando bem utilizada,&#8230;<\/p>\n","protected":false},"author":3,"featured_media":31128,"comment_status":"open","ping_status":"open","sticky":false,"template":"","format":"standard","meta":[],"categories":[2723],"tags":[],"_links":{"self":[{"href":"https:\/\/www.uninter.com\/radio\/wp-json\/wp\/v2\/posts\/36192"}],"collection":[{"href":"https:\/\/www.uninter.com\/radio\/wp-json\/wp\/v2\/posts"}],"about":[{"href":"https:\/\/www.uninter.com\/radio\/wp-json\/wp\/v2\/types\/post"}],"author":[{"embeddable":true,"href":"https:\/\/www.uninter.com\/radio\/wp-json\/wp\/v2\/users\/3"}],"replies":[{"embeddable":true,"href":"https:\/\/www.uninter.com\/radio\/wp-json\/wp\/v2\/comments?post=36192"}],"version-history":[{"count":1,"href":"https:\/\/www.uninter.com\/radio\/wp-json\/wp\/v2\/posts\/36192\/revisions"}],"predecessor-version":[{"id":36194,"href":"https:\/\/www.uninter.com\/radio\/wp-json\/wp\/v2\/posts\/36192\/revisions\/36194"}],"wp:featuredmedia":[{"embeddable":true,"href":"https:\/\/www.uninter.com\/radio\/wp-json\/wp\/v2\/media\/31128"}],"wp:attachment":[{"href":"https:\/\/www.uninter.com\/radio\/wp-json\/wp\/v2\/media?parent=36192"}],"wp:term":[{"taxonomy":"category","embeddable":true,"href":"https:\/\/www.uninter.com\/radio\/wp-json\/wp\/v2\/categories?post=36192"},{"taxonomy":"post_tag","embeddable":true,"href":"https:\/\/www.uninter.com\/radio\/wp-json\/wp\/v2\/tags?post=36192"}],"curies":[{"name":"wp","href":"https:\/\/api.w.org\/{rel}","templated":true}]}}