{"id":36188,"date":"2023-11-23T11:45:21","date_gmt":"2023-11-23T14:45:21","guid":{"rendered":"https:\/\/www.uninter.com\/radio\/?p=36188"},"modified":"2023-11-23T11:45:22","modified_gmt":"2023-11-23T14:45:22","slug":"inclusao-em-rede-os-desafios-da-inclusao-da-pessoa-com-deficiencia","status":"publish","type":"post","link":"https:\/\/www.uninter.com\/radio\/inclusao-em-rede-os-desafios-da-inclusao-da-pessoa-com-deficiencia","title":{"rendered":"Inclus\u00e3o em Rede | Os desafios da inclus\u00e3o da pessoa com defici\u00eancia"},"content":{"rendered":"\n<figure class=\"wp-block-audio\"><audio controls src=\"https:\/\/www.uninter.com\/radio\/wp-content\/uploads\/2023\/11\/incluscao-em-rede-17-11-2023.mp3\"><\/audio><\/figure>\n\n\n\n<p>O programa Inclus\u00e3o em Rede fala sobre os principais desafios da inclus\u00e3o da pessoa com defici\u00eancia em diversos setores da sociedade. Para a conversa Leomar Marchesini recebe Luciana Linero, titular da Promotoria de Justi\u00e7a dos Direitos da Pessoa com Defici\u00eancia de Curitiba.<\/p>\n","protected":false},"excerpt":{"rendered":"<p>O programa Inclus\u00e3o em Rede fala sobre os principais desafios da inclus\u00e3o da pessoa com&#8230;<\/p>\n","protected":false},"author":3,"featured_media":0,"comment_status":"open","ping_status":"open","sticky":false,"template":"","format":"standard","meta":[],"categories":[8],"tags":[],"_links":{"self":[{"href":"https:\/\/www.uninter.com\/radio\/wp-json\/wp\/v2\/posts\/36188"}],"collection":[{"href":"https:\/\/www.uninter.com\/radio\/wp-json\/wp\/v2\/posts"}],"about":[{"href":"https:\/\/www.uninter.com\/radio\/wp-json\/wp\/v2\/types\/post"}],"author":[{"embeddable":true,"href":"https:\/\/www.uninter.com\/radio\/wp-json\/wp\/v2\/users\/3"}],"replies":[{"embeddable":true,"href":"https:\/\/www.uninter.com\/radio\/wp-json\/wp\/v2\/comments?post=36188"}],"version-history":[{"count":1,"href":"https:\/\/www.uninter.com\/radio\/wp-json\/wp\/v2\/posts\/36188\/revisions"}],"predecessor-version":[{"id":36190,"href":"https:\/\/www.uninter.com\/radio\/wp-json\/wp\/v2\/posts\/36188\/revisions\/36190"}],"wp:attachment":[{"href":"https:\/\/www.uninter.com\/radio\/wp-json\/wp\/v2\/media?parent=36188"}],"wp:term":[{"taxonomy":"category","embeddable":true,"href":"https:\/\/www.uninter.com\/radio\/wp-json\/wp\/v2\/categories?post=36188"},{"taxonomy":"post_tag","embeddable":true,"href":"https:\/\/www.uninter.com\/radio\/wp-json\/wp\/v2\/tags?post=36188"}],"curies":[{"name":"wp","href":"https:\/\/api.w.org\/{rel}","templated":true}]}}