{"id":36175,"date":"2023-11-23T10:55:57","date_gmt":"2023-11-23T13:55:57","guid":{"rendered":"https:\/\/www.uninter.com\/radio\/?p=36175"},"modified":"2023-11-23T10:55:58","modified_gmt":"2023-11-23T13:55:58","slug":"fala-prof-areas-de-atuacao-do-assistente-social","status":"publish","type":"post","link":"https:\/\/www.uninter.com\/radio\/fala-prof-areas-de-atuacao-do-assistente-social","title":{"rendered":"Fala, Prof! | \u00c1reas de atua\u00e7\u00e3o do Assistente Social"},"content":{"rendered":"\n<figure class=\"wp-block-audio\"><audio controls src=\"https:\/\/www.uninter.com\/radio\/wp-content\/uploads\/2023\/11\/fala-prof-14-11-2023.mp3\"><\/audio><\/figure>\n\n\n\n<p>O Servi\u00e7o Social \u00e9 uma profiss\u00e3o regulamentada no Brasil desde a d\u00e9cada de 50. Embora presente na sociedade h\u00e1 tanto tempo, muitos desconhecem quais as \u00e1reas de atua\u00e7\u00e3o do Assistente Social. Para falar sobre este tema, O Fala, Prof! de novembro contaremos com a participa\u00e7\u00e3o da Esp. Fernanda Kopka e do Esp. Rodrigo Matos. Conversaremos sobre seus campos de trabalho: sa\u00fade mental e consultoria empresarial.<\/p>\n","protected":false},"excerpt":{"rendered":"<p>O Servi\u00e7o Social \u00e9 uma profiss\u00e3o regulamentada no Brasil desde a d\u00e9cada de 50. Embora&#8230;<\/p>\n","protected":false},"author":3,"featured_media":30526,"comment_status":"open","ping_status":"open","sticky":false,"template":"","format":"standard","meta":[],"categories":[2763],"tags":[],"_links":{"self":[{"href":"https:\/\/www.uninter.com\/radio\/wp-json\/wp\/v2\/posts\/36175"}],"collection":[{"href":"https:\/\/www.uninter.com\/radio\/wp-json\/wp\/v2\/posts"}],"about":[{"href":"https:\/\/www.uninter.com\/radio\/wp-json\/wp\/v2\/types\/post"}],"author":[{"embeddable":true,"href":"https:\/\/www.uninter.com\/radio\/wp-json\/wp\/v2\/users\/3"}],"replies":[{"embeddable":true,"href":"https:\/\/www.uninter.com\/radio\/wp-json\/wp\/v2\/comments?post=36175"}],"version-history":[{"count":1,"href":"https:\/\/www.uninter.com\/radio\/wp-json\/wp\/v2\/posts\/36175\/revisions"}],"predecessor-version":[{"id":36177,"href":"https:\/\/www.uninter.com\/radio\/wp-json\/wp\/v2\/posts\/36175\/revisions\/36177"}],"wp:featuredmedia":[{"embeddable":true,"href":"https:\/\/www.uninter.com\/radio\/wp-json\/wp\/v2\/media\/30526"}],"wp:attachment":[{"href":"https:\/\/www.uninter.com\/radio\/wp-json\/wp\/v2\/media?parent=36175"}],"wp:term":[{"taxonomy":"category","embeddable":true,"href":"https:\/\/www.uninter.com\/radio\/wp-json\/wp\/v2\/categories?post=36175"},{"taxonomy":"post_tag","embeddable":true,"href":"https:\/\/www.uninter.com\/radio\/wp-json\/wp\/v2\/tags?post=36175"}],"curies":[{"name":"wp","href":"https:\/\/api.w.org\/{rel}","templated":true}]}}