{"id":36169,"date":"2023-11-23T10:28:50","date_gmt":"2023-11-23T13:28:50","guid":{"rendered":"https:\/\/www.uninter.com\/radio\/?p=36169"},"modified":"2023-11-23T10:28:51","modified_gmt":"2023-11-23T13:28:51","slug":"gestao-publica-em-debate-inovacao-publica","status":"publish","type":"post","link":"https:\/\/www.uninter.com\/radio\/gestao-publica-em-debate-inovacao-publica","title":{"rendered":"Gest\u00e3o P\u00fablica em Debate | Inova\u00e7\u00e3o P\u00fablica"},"content":{"rendered":"\n<figure class=\"wp-block-audio\"><audio controls src=\"https:\/\/www.uninter.com\/radio\/wp-content\/uploads\/2023\/11\/gestao-publica-13-11-2023.mp3\"><\/audio><\/figure>\n\n\n\n<p>O Gest\u00e3o P\u00fablica em Debate apresenta possibilidades de inova\u00e7\u00e3o na gest\u00e3o p\u00fablica. A professora Manon Garcia recebe a analista judici\u00e1ria do Tribunal Regional Eleitoral do Paran\u00e1 (TRE-PR), Yna Honda.<\/p>\n","protected":false},"excerpt":{"rendered":"<p>O Gest\u00e3o P\u00fablica em Debate apresenta possibilidades de inova\u00e7\u00e3o na gest\u00e3o p\u00fablica. A professora Manon&#8230;<\/p>\n","protected":false},"author":3,"featured_media":35653,"comment_status":"open","ping_status":"open","sticky":false,"template":"","format":"standard","meta":[],"categories":[2848],"tags":[],"_links":{"self":[{"href":"https:\/\/www.uninter.com\/radio\/wp-json\/wp\/v2\/posts\/36169"}],"collection":[{"href":"https:\/\/www.uninter.com\/radio\/wp-json\/wp\/v2\/posts"}],"about":[{"href":"https:\/\/www.uninter.com\/radio\/wp-json\/wp\/v2\/types\/post"}],"author":[{"embeddable":true,"href":"https:\/\/www.uninter.com\/radio\/wp-json\/wp\/v2\/users\/3"}],"replies":[{"embeddable":true,"href":"https:\/\/www.uninter.com\/radio\/wp-json\/wp\/v2\/comments?post=36169"}],"version-history":[{"count":1,"href":"https:\/\/www.uninter.com\/radio\/wp-json\/wp\/v2\/posts\/36169\/revisions"}],"predecessor-version":[{"id":36171,"href":"https:\/\/www.uninter.com\/radio\/wp-json\/wp\/v2\/posts\/36169\/revisions\/36171"}],"wp:featuredmedia":[{"embeddable":true,"href":"https:\/\/www.uninter.com\/radio\/wp-json\/wp\/v2\/media\/35653"}],"wp:attachment":[{"href":"https:\/\/www.uninter.com\/radio\/wp-json\/wp\/v2\/media?parent=36169"}],"wp:term":[{"taxonomy":"category","embeddable":true,"href":"https:\/\/www.uninter.com\/radio\/wp-json\/wp\/v2\/categories?post=36169"},{"taxonomy":"post_tag","embeddable":true,"href":"https:\/\/www.uninter.com\/radio\/wp-json\/wp\/v2\/tags?post=36169"}],"curies":[{"name":"wp","href":"https:\/\/api.w.org\/{rel}","templated":true}]}}