{"id":36166,"date":"2023-11-23T10:26:22","date_gmt":"2023-11-23T13:26:22","guid":{"rendered":"https:\/\/www.uninter.com\/radio\/?p=36166"},"modified":"2023-11-23T10:26:23","modified_gmt":"2023-11-23T13:26:23","slug":"talento-em-foco-lideranca-e-gestao-de-pessoas","status":"publish","type":"post","link":"https:\/\/www.uninter.com\/radio\/talento-em-foco-lideranca-e-gestao-de-pessoas","title":{"rendered":"Talento em Foco | Lideran\u00e7a e gest\u00e3o de pessoas"},"content":{"rendered":"\n<figure class=\"wp-block-audio\"><audio controls src=\"https:\/\/www.uninter.com\/radio\/wp-content\/uploads\/2023\/11\/talento-em-foco-13-11-2023.mp3\"><\/audio><\/figure>\n\n\n\n<p>O programa Talento em Foco levanta pontos e traz dicas sobre lideran\u00e7a e gest\u00e3o de pessoas. Para a conversa, Erika Lotz e Evandro Tosin recebem Jamille Gabrielli Oliveira Alc\u00e2ntara, mentora, palestrante e consultora.<\/p>\n","protected":false},"excerpt":{"rendered":"<p>O programa Talento em Foco levanta pontos e traz dicas sobre lideran\u00e7a e gest\u00e3o de&#8230;<\/p>\n","protected":false},"author":3,"featured_media":31128,"comment_status":"open","ping_status":"open","sticky":false,"template":"","format":"standard","meta":[],"categories":[2723],"tags":[],"_links":{"self":[{"href":"https:\/\/www.uninter.com\/radio\/wp-json\/wp\/v2\/posts\/36166"}],"collection":[{"href":"https:\/\/www.uninter.com\/radio\/wp-json\/wp\/v2\/posts"}],"about":[{"href":"https:\/\/www.uninter.com\/radio\/wp-json\/wp\/v2\/types\/post"}],"author":[{"embeddable":true,"href":"https:\/\/www.uninter.com\/radio\/wp-json\/wp\/v2\/users\/3"}],"replies":[{"embeddable":true,"href":"https:\/\/www.uninter.com\/radio\/wp-json\/wp\/v2\/comments?post=36166"}],"version-history":[{"count":1,"href":"https:\/\/www.uninter.com\/radio\/wp-json\/wp\/v2\/posts\/36166\/revisions"}],"predecessor-version":[{"id":36168,"href":"https:\/\/www.uninter.com\/radio\/wp-json\/wp\/v2\/posts\/36166\/revisions\/36168"}],"wp:featuredmedia":[{"embeddable":true,"href":"https:\/\/www.uninter.com\/radio\/wp-json\/wp\/v2\/media\/31128"}],"wp:attachment":[{"href":"https:\/\/www.uninter.com\/radio\/wp-json\/wp\/v2\/media?parent=36166"}],"wp:term":[{"taxonomy":"category","embeddable":true,"href":"https:\/\/www.uninter.com\/radio\/wp-json\/wp\/v2\/categories?post=36166"},{"taxonomy":"post_tag","embeddable":true,"href":"https:\/\/www.uninter.com\/radio\/wp-json\/wp\/v2\/tags?post=36166"}],"curies":[{"name":"wp","href":"https:\/\/api.w.org\/{rel}","templated":true}]}}