{"id":36154,"date":"2023-11-17T11:23:49","date_gmt":"2023-11-17T14:23:49","guid":{"rendered":"https:\/\/www.uninter.com\/radio\/?p=36154"},"modified":"2023-11-17T11:23:50","modified_gmt":"2023-11-17T14:23:50","slug":"chave-interdisciplinar-relacoes-etnico-raciais-no-processo-de-ensino-aprendizagem","status":"publish","type":"post","link":"https:\/\/www.uninter.com\/radio\/chave-interdisciplinar-relacoes-etnico-raciais-no-processo-de-ensino-aprendizagem","title":{"rendered":"Chave Interdisciplinar | Rela\u00e7\u00f5es \u00e9tnico-raciais no processo de ensino-aprendizagem"},"content":{"rendered":"\n<figure class=\"wp-block-audio\"><audio controls src=\"https:\/\/www.uninter.com\/radio\/wp-content\/uploads\/2023\/11\/chave-09-11-2023.mp3\"><\/audio><\/figure>\n\n\n\n<p>Nesta edi\u00e7\u00e3o do programa Chave Interdisciplinar vamos demonstrar que o respeito a diversidade \u00e9 essencial para uma educa\u00e7\u00e3o igualit\u00e1ria e justa, independentemente de origem \u00e9tnica ou racial. Para a conversa recebemos as professoras Gisley Monteiro de Monteiro e Maria Tereza Xavier. Acompanhe e participe.<\/p>\n","protected":false},"excerpt":{"rendered":"<p>Nesta edi\u00e7\u00e3o do programa Chave Interdisciplinar vamos demonstrar que o respeito a diversidade \u00e9 essencial&#8230;<\/p>\n","protected":false},"author":3,"featured_media":33668,"comment_status":"open","ping_status":"open","sticky":false,"template":"","format":"standard","meta":[],"categories":[2735],"tags":[],"_links":{"self":[{"href":"https:\/\/www.uninter.com\/radio\/wp-json\/wp\/v2\/posts\/36154"}],"collection":[{"href":"https:\/\/www.uninter.com\/radio\/wp-json\/wp\/v2\/posts"}],"about":[{"href":"https:\/\/www.uninter.com\/radio\/wp-json\/wp\/v2\/types\/post"}],"author":[{"embeddable":true,"href":"https:\/\/www.uninter.com\/radio\/wp-json\/wp\/v2\/users\/3"}],"replies":[{"embeddable":true,"href":"https:\/\/www.uninter.com\/radio\/wp-json\/wp\/v2\/comments?post=36154"}],"version-history":[{"count":1,"href":"https:\/\/www.uninter.com\/radio\/wp-json\/wp\/v2\/posts\/36154\/revisions"}],"predecessor-version":[{"id":36156,"href":"https:\/\/www.uninter.com\/radio\/wp-json\/wp\/v2\/posts\/36154\/revisions\/36156"}],"wp:featuredmedia":[{"embeddable":true,"href":"https:\/\/www.uninter.com\/radio\/wp-json\/wp\/v2\/media\/33668"}],"wp:attachment":[{"href":"https:\/\/www.uninter.com\/radio\/wp-json\/wp\/v2\/media?parent=36154"}],"wp:term":[{"taxonomy":"category","embeddable":true,"href":"https:\/\/www.uninter.com\/radio\/wp-json\/wp\/v2\/categories?post=36154"},{"taxonomy":"post_tag","embeddable":true,"href":"https:\/\/www.uninter.com\/radio\/wp-json\/wp\/v2\/tags?post=36154"}],"curies":[{"name":"wp","href":"https:\/\/api.w.org\/{rel}","templated":true}]}}