{"id":36145,"date":"2023-11-17T11:15:47","date_gmt":"2023-11-17T14:15:47","guid":{"rendered":"https:\/\/www.uninter.com\/radio\/?p=36145"},"modified":"2023-11-17T11:15:48","modified_gmt":"2023-11-17T14:15:48","slug":"hipermidia-alunos-da-pos-jornalismo-e-publicidade-digitais","status":"publish","type":"post","link":"https:\/\/www.uninter.com\/radio\/hipermidia-alunos-da-pos-jornalismo-e-publicidade-digitais","title":{"rendered":"Hiperm\u00eddia | Alunos da p\u00f3s: jornalismo e publicidade digitais"},"content":{"rendered":"\n<figure class=\"wp-block-audio\"><audio controls src=\"https:\/\/www.uninter.com\/radio\/wp-content\/uploads\/2023\/11\/hipermidia-07-11-2023.mp3\"><\/audio><\/figure>\n\n\n\n<p>Conhe\u00e7a as experi\u00eancias profissionais e acad\u00eamicas de nossos alunos da p\u00f3s-gradua\u00e7\u00e3o em Comunica\u00e7\u00e3o. O Hiperm\u00eddia deste m\u00eas convida Jakson Freitas e Janete Silva para contarem suas coloca\u00e7\u00f5es no mercado e impress\u00f5es sobre os cursos.<\/p>\n","protected":false},"excerpt":{"rendered":"<p>Conhe\u00e7a as experi\u00eancias profissionais e acad\u00eamicas de nossos alunos da p\u00f3s-gradua\u00e7\u00e3o em Comunica\u00e7\u00e3o. O Hiperm\u00eddia&#8230;<\/p>\n","protected":false},"author":3,"featured_media":33720,"comment_status":"open","ping_status":"open","sticky":false,"template":"","format":"standard","meta":[],"categories":[2765],"tags":[],"_links":{"self":[{"href":"https:\/\/www.uninter.com\/radio\/wp-json\/wp\/v2\/posts\/36145"}],"collection":[{"href":"https:\/\/www.uninter.com\/radio\/wp-json\/wp\/v2\/posts"}],"about":[{"href":"https:\/\/www.uninter.com\/radio\/wp-json\/wp\/v2\/types\/post"}],"author":[{"embeddable":true,"href":"https:\/\/www.uninter.com\/radio\/wp-json\/wp\/v2\/users\/3"}],"replies":[{"embeddable":true,"href":"https:\/\/www.uninter.com\/radio\/wp-json\/wp\/v2\/comments?post=36145"}],"version-history":[{"count":1,"href":"https:\/\/www.uninter.com\/radio\/wp-json\/wp\/v2\/posts\/36145\/revisions"}],"predecessor-version":[{"id":36147,"href":"https:\/\/www.uninter.com\/radio\/wp-json\/wp\/v2\/posts\/36145\/revisions\/36147"}],"wp:featuredmedia":[{"embeddable":true,"href":"https:\/\/www.uninter.com\/radio\/wp-json\/wp\/v2\/media\/33720"}],"wp:attachment":[{"href":"https:\/\/www.uninter.com\/radio\/wp-json\/wp\/v2\/media?parent=36145"}],"wp:term":[{"taxonomy":"category","embeddable":true,"href":"https:\/\/www.uninter.com\/radio\/wp-json\/wp\/v2\/categories?post=36145"},{"taxonomy":"post_tag","embeddable":true,"href":"https:\/\/www.uninter.com\/radio\/wp-json\/wp\/v2\/tags?post=36145"}],"curies":[{"name":"wp","href":"https:\/\/api.w.org\/{rel}","templated":true}]}}