{"id":36131,"date":"2023-11-08T14:33:35","date_gmt":"2023-11-08T17:33:35","guid":{"rendered":"https:\/\/www.uninter.com\/radio\/?p=36131"},"modified":"2023-11-08T14:34:00","modified_gmt":"2023-11-08T17:34:00","slug":"papo-castico-como-tornar-as-cidades-mais-diversas-e-inclusivas","status":"publish","type":"post","link":"https:\/\/www.uninter.com\/radio\/papo-castico-como-tornar-as-cidades-mais-diversas-e-inclusivas","title":{"rendered":"Papo Casti\u00e7o | Como tornar as cidades mais diversas e inclusivas?"},"content":{"rendered":"\n<p><a href=\"https:\/\/www.youtube.com\/@RadioUninter\"><\/a><\/p>\n\n\n\n<figure class=\"wp-block-audio\"><audio controls src=\"https:\/\/www.uninter.com\/radio\/wp-content\/uploads\/2023\/11\/papo-castico-01-11-2023.mp3\"><\/audio><\/figure>\n\n\n\n<p>A sua cidade \u00e9 inclusiva? Essa \u00e9 uma boa provoca\u00e7\u00e3o, afinal, a resposta para essa pergunta depende muito da parcela da popula\u00e7\u00e3o da qual voc\u00ea faz parte. O Papo Casti\u00e7o faz uma reflex\u00e3o de como promover e tornar a gest\u00e3o urbana mais inclusiva, e para a conversa, Joice Diaz recebe Gesse Ferreira Lima, arquiteto e mestre em Gest\u00e3o Urbana.<\/p>\n","protected":false},"excerpt":{"rendered":"<p>A sua cidade \u00e9 inclusiva? Essa \u00e9 uma boa provoca\u00e7\u00e3o, afinal, a resposta para essa&#8230;<\/p>\n","protected":false},"author":3,"featured_media":34252,"comment_status":"open","ping_status":"open","sticky":false,"template":"","format":"standard","meta":[],"categories":[2841],"tags":[],"_links":{"self":[{"href":"https:\/\/www.uninter.com\/radio\/wp-json\/wp\/v2\/posts\/36131"}],"collection":[{"href":"https:\/\/www.uninter.com\/radio\/wp-json\/wp\/v2\/posts"}],"about":[{"href":"https:\/\/www.uninter.com\/radio\/wp-json\/wp\/v2\/types\/post"}],"author":[{"embeddable":true,"href":"https:\/\/www.uninter.com\/radio\/wp-json\/wp\/v2\/users\/3"}],"replies":[{"embeddable":true,"href":"https:\/\/www.uninter.com\/radio\/wp-json\/wp\/v2\/comments?post=36131"}],"version-history":[{"count":2,"href":"https:\/\/www.uninter.com\/radio\/wp-json\/wp\/v2\/posts\/36131\/revisions"}],"predecessor-version":[{"id":36134,"href":"https:\/\/www.uninter.com\/radio\/wp-json\/wp\/v2\/posts\/36131\/revisions\/36134"}],"wp:featuredmedia":[{"embeddable":true,"href":"https:\/\/www.uninter.com\/radio\/wp-json\/wp\/v2\/media\/34252"}],"wp:attachment":[{"href":"https:\/\/www.uninter.com\/radio\/wp-json\/wp\/v2\/media?parent=36131"}],"wp:term":[{"taxonomy":"category","embeddable":true,"href":"https:\/\/www.uninter.com\/radio\/wp-json\/wp\/v2\/categories?post=36131"},{"taxonomy":"post_tag","embeddable":true,"href":"https:\/\/www.uninter.com\/radio\/wp-json\/wp\/v2\/tags?post=36131"}],"curies":[{"name":"wp","href":"https:\/\/api.w.org\/{rel}","templated":true}]}}