{"id":36117,"date":"2023-11-08T11:42:36","date_gmt":"2023-11-08T14:42:36","guid":{"rendered":"https:\/\/www.uninter.com\/radio\/?p=36117"},"modified":"2023-11-08T11:42:37","modified_gmt":"2023-11-08T14:42:37","slug":"inclusao-em-rede-politicas-publicas-especiais-no-parana","status":"publish","type":"post","link":"https:\/\/www.uninter.com\/radio\/inclusao-em-rede-politicas-publicas-especiais-no-parana","title":{"rendered":"Inclus\u00e3o em Rede | Pol\u00edticas p\u00fablicas especiais no Paran\u00e1"},"content":{"rendered":"\n<figure class=\"wp-block-audio\"><audio controls src=\"https:\/\/www.uninter.com\/radio\/wp-content\/uploads\/2023\/11\/inclusao-em-rede-27-10-2023.mp3\"><\/audio><\/figure>\n\n\n\n<p>Acompanhe<\/p>\n","protected":false},"excerpt":{"rendered":"<p>Acompanhe<\/p>\n","protected":false},"author":3,"featured_media":33698,"comment_status":"open","ping_status":"open","sticky":false,"template":"","format":"standard","meta":[],"categories":[2727],"tags":[],"_links":{"self":[{"href":"https:\/\/www.uninter.com\/radio\/wp-json\/wp\/v2\/posts\/36117"}],"collection":[{"href":"https:\/\/www.uninter.com\/radio\/wp-json\/wp\/v2\/posts"}],"about":[{"href":"https:\/\/www.uninter.com\/radio\/wp-json\/wp\/v2\/types\/post"}],"author":[{"embeddable":true,"href":"https:\/\/www.uninter.com\/radio\/wp-json\/wp\/v2\/users\/3"}],"replies":[{"embeddable":true,"href":"https:\/\/www.uninter.com\/radio\/wp-json\/wp\/v2\/comments?post=36117"}],"version-history":[{"count":1,"href":"https:\/\/www.uninter.com\/radio\/wp-json\/wp\/v2\/posts\/36117\/revisions"}],"predecessor-version":[{"id":36119,"href":"https:\/\/www.uninter.com\/radio\/wp-json\/wp\/v2\/posts\/36117\/revisions\/36119"}],"wp:featuredmedia":[{"embeddable":true,"href":"https:\/\/www.uninter.com\/radio\/wp-json\/wp\/v2\/media\/33698"}],"wp:attachment":[{"href":"https:\/\/www.uninter.com\/radio\/wp-json\/wp\/v2\/media?parent=36117"}],"wp:term":[{"taxonomy":"category","embeddable":true,"href":"https:\/\/www.uninter.com\/radio\/wp-json\/wp\/v2\/categories?post=36117"},{"taxonomy":"post_tag","embeddable":true,"href":"https:\/\/www.uninter.com\/radio\/wp-json\/wp\/v2\/tags?post=36117"}],"curies":[{"name":"wp","href":"https:\/\/api.w.org\/{rel}","templated":true}]}}