{"id":36111,"date":"2023-11-08T11:35:38","date_gmt":"2023-11-08T14:35:38","guid":{"rendered":"https:\/\/www.uninter.com\/radio\/?p=36111"},"modified":"2023-11-08T11:35:39","modified_gmt":"2023-11-08T14:35:39","slug":"atuando-na-politica-quem-nao-pode-ser-eleito-8","status":"publish","type":"post","link":"https:\/\/www.uninter.com\/radio\/atuando-na-politica-quem-nao-pode-ser-eleito-8","title":{"rendered":"Atuando na Pol\u00edtica | Quem n\u00e3o pode ser eleito? #8"},"content":{"rendered":"\n<figure class=\"wp-block-audio\"><audio controls src=\"https:\/\/www.uninter.com\/radio\/wp-content\/uploads\/2023\/11\/atuando-na-politica-27-10-2023.mp3\"><\/audio><\/figure>\n\n\n\n<p>Para se candidatar a um cargo eletivo, o cidad\u00e3o deve cumprir as condi\u00e7\u00f5es de elegibilidade estabelecidas em lei, al\u00e9m de n\u00e3o pode estar enquadrado em nenhum artigo da Lei de Inelegibilidade. Saiba quais s\u00e3o esses crit\u00e9rios e dispositivos legais no Atuando na Pol\u00edtica da vez! Lucas Massimo e Karolina Roeder apresentam a edi\u00e7\u00e3o.<\/p>\n","protected":false},"excerpt":{"rendered":"<p>Para se candidatar a um cargo eletivo, o cidad\u00e3o deve cumprir as condi\u00e7\u00f5es de elegibilidade&#8230;<\/p>\n","protected":false},"author":3,"featured_media":35028,"comment_status":"open","ping_status":"open","sticky":false,"template":"","format":"standard","meta":[],"categories":[2847],"tags":[],"_links":{"self":[{"href":"https:\/\/www.uninter.com\/radio\/wp-json\/wp\/v2\/posts\/36111"}],"collection":[{"href":"https:\/\/www.uninter.com\/radio\/wp-json\/wp\/v2\/posts"}],"about":[{"href":"https:\/\/www.uninter.com\/radio\/wp-json\/wp\/v2\/types\/post"}],"author":[{"embeddable":true,"href":"https:\/\/www.uninter.com\/radio\/wp-json\/wp\/v2\/users\/3"}],"replies":[{"embeddable":true,"href":"https:\/\/www.uninter.com\/radio\/wp-json\/wp\/v2\/comments?post=36111"}],"version-history":[{"count":1,"href":"https:\/\/www.uninter.com\/radio\/wp-json\/wp\/v2\/posts\/36111\/revisions"}],"predecessor-version":[{"id":36113,"href":"https:\/\/www.uninter.com\/radio\/wp-json\/wp\/v2\/posts\/36111\/revisions\/36113"}],"wp:featuredmedia":[{"embeddable":true,"href":"https:\/\/www.uninter.com\/radio\/wp-json\/wp\/v2\/media\/35028"}],"wp:attachment":[{"href":"https:\/\/www.uninter.com\/radio\/wp-json\/wp\/v2\/media?parent=36111"}],"wp:term":[{"taxonomy":"category","embeddable":true,"href":"https:\/\/www.uninter.com\/radio\/wp-json\/wp\/v2\/categories?post=36111"},{"taxonomy":"post_tag","embeddable":true,"href":"https:\/\/www.uninter.com\/radio\/wp-json\/wp\/v2\/tags?post=36111"}],"curies":[{"name":"wp","href":"https:\/\/api.w.org\/{rel}","templated":true}]}}