{"id":36102,"date":"2023-11-08T11:30:07","date_gmt":"2023-11-08T14:30:07","guid":{"rendered":"https:\/\/www.uninter.com\/radio\/?p=36102"},"modified":"2023-11-08T11:30:08","modified_gmt":"2023-11-08T14:30:08","slug":"caminho-para-a-saude-radiologia-e-o-diagnostico-precoce-do-cancer-de-mama","status":"publish","type":"post","link":"https:\/\/www.uninter.com\/radio\/caminho-para-a-saude-radiologia-e-o-diagnostico-precoce-do-cancer-de-mama","title":{"rendered":"Caminho para a Sa\u00fade | Radiologia e o diagn\u00f3stico precoce do c\u00e2ncer de mama"},"content":{"rendered":"\n<figure class=\"wp-block-audio\"><audio controls src=\"https:\/\/www.uninter.com\/radio\/wp-content\/uploads\/2023\/11\/caminho-para-a-saude-25-10-2023.mp3\"><\/audio><\/figure>\n\n\n\n<p>Neste Outubro Rosa, o Caminho para a Sa\u00fade se atenta quanto ao diagn\u00f3stico precoce do c\u00e2ncer de mama e o papel do profissional de radiologia para tanto. Evandro Tosin e Dirceu Krainski recebem a tutora do curso de Radiologia da Uninter, Evelyn Rosa de Oliveira, para o bate-papo.<\/p>\n","protected":false},"excerpt":{"rendered":"<p>Neste Outubro Rosa, o Caminho para a Sa\u00fade se atenta quanto ao diagn\u00f3stico precoce do&#8230;<\/p>\n","protected":false},"author":3,"featured_media":33715,"comment_status":"open","ping_status":"open","sticky":false,"template":"","format":"standard","meta":[],"categories":[2770],"tags":[],"_links":{"self":[{"href":"https:\/\/www.uninter.com\/radio\/wp-json\/wp\/v2\/posts\/36102"}],"collection":[{"href":"https:\/\/www.uninter.com\/radio\/wp-json\/wp\/v2\/posts"}],"about":[{"href":"https:\/\/www.uninter.com\/radio\/wp-json\/wp\/v2\/types\/post"}],"author":[{"embeddable":true,"href":"https:\/\/www.uninter.com\/radio\/wp-json\/wp\/v2\/users\/3"}],"replies":[{"embeddable":true,"href":"https:\/\/www.uninter.com\/radio\/wp-json\/wp\/v2\/comments?post=36102"}],"version-history":[{"count":1,"href":"https:\/\/www.uninter.com\/radio\/wp-json\/wp\/v2\/posts\/36102\/revisions"}],"predecessor-version":[{"id":36104,"href":"https:\/\/www.uninter.com\/radio\/wp-json\/wp\/v2\/posts\/36102\/revisions\/36104"}],"wp:featuredmedia":[{"embeddable":true,"href":"https:\/\/www.uninter.com\/radio\/wp-json\/wp\/v2\/media\/33715"}],"wp:attachment":[{"href":"https:\/\/www.uninter.com\/radio\/wp-json\/wp\/v2\/media?parent=36102"}],"wp:term":[{"taxonomy":"category","embeddable":true,"href":"https:\/\/www.uninter.com\/radio\/wp-json\/wp\/v2\/categories?post=36102"},{"taxonomy":"post_tag","embeddable":true,"href":"https:\/\/www.uninter.com\/radio\/wp-json\/wp\/v2\/tags?post=36102"}],"curies":[{"name":"wp","href":"https:\/\/api.w.org\/{rel}","templated":true}]}}