{"id":36096,"date":"2023-11-08T11:26:40","date_gmt":"2023-11-08T14:26:40","guid":{"rendered":"https:\/\/www.uninter.com\/radio\/?p=36096"},"modified":"2023-11-08T11:26:41","modified_gmt":"2023-11-08T14:26:41","slug":"papo-castico-a-importancia-das-politicas-afirmativas","status":"publish","type":"post","link":"https:\/\/www.uninter.com\/radio\/papo-castico-a-importancia-das-politicas-afirmativas","title":{"rendered":"Papo Casti\u00e7o | A import\u00e2ncia das pol\u00edticas afirmativas"},"content":{"rendered":"\n<figure class=\"wp-block-audio\"><audio controls src=\"blob:https:\/\/www.uninter.com\/6e098203-1674-4cef-aba5-901135460c3f\"><\/audio><\/figure>\n\n\n\n<p>A\u00e7\u00f5es afirmativas s\u00e3o pol\u00edticas sociais que tem o objetivo de combater discrimina\u00e7\u00f5es \u00e9tnicas, raciais, religiosas e de g\u00eanero. Sua principal fun\u00e7\u00e3o \u00e9 promover a participa\u00e7\u00e3o de minorias no acesso a educa\u00e7\u00e3o, pol\u00edtica, emprego, sa\u00fade, entre outros setores. Em uma sociedade t\u00e3o desigual como a nossa, as pol\u00edticas afirmativas se tornaram uma ferramenta importante para atingir a equidade.<\/p>\n\n\n\n<p>No Papo Casti\u00e7o Joice Diaz recebe a antrop\u00f3loga e pesquisadora Judit Gomes para discutir sobre esse tema.<\/p>\n","protected":false},"excerpt":{"rendered":"<p>A\u00e7\u00f5es afirmativas s\u00e3o pol\u00edticas sociais que tem o objetivo de combater discrimina\u00e7\u00f5es \u00e9tnicas, raciais, religiosas&#8230;<\/p>\n","protected":false},"author":3,"featured_media":34252,"comment_status":"open","ping_status":"open","sticky":false,"template":"","format":"standard","meta":[],"categories":[2841],"tags":[],"_links":{"self":[{"href":"https:\/\/www.uninter.com\/radio\/wp-json\/wp\/v2\/posts\/36096"}],"collection":[{"href":"https:\/\/www.uninter.com\/radio\/wp-json\/wp\/v2\/posts"}],"about":[{"href":"https:\/\/www.uninter.com\/radio\/wp-json\/wp\/v2\/types\/post"}],"author":[{"embeddable":true,"href":"https:\/\/www.uninter.com\/radio\/wp-json\/wp\/v2\/users\/3"}],"replies":[{"embeddable":true,"href":"https:\/\/www.uninter.com\/radio\/wp-json\/wp\/v2\/comments?post=36096"}],"version-history":[{"count":1,"href":"https:\/\/www.uninter.com\/radio\/wp-json\/wp\/v2\/posts\/36096\/revisions"}],"predecessor-version":[{"id":36097,"href":"https:\/\/www.uninter.com\/radio\/wp-json\/wp\/v2\/posts\/36096\/revisions\/36097"}],"wp:featuredmedia":[{"embeddable":true,"href":"https:\/\/www.uninter.com\/radio\/wp-json\/wp\/v2\/media\/34252"}],"wp:attachment":[{"href":"https:\/\/www.uninter.com\/radio\/wp-json\/wp\/v2\/media?parent=36096"}],"wp:term":[{"taxonomy":"category","embeddable":true,"href":"https:\/\/www.uninter.com\/radio\/wp-json\/wp\/v2\/categories?post=36096"},{"taxonomy":"post_tag","embeddable":true,"href":"https:\/\/www.uninter.com\/radio\/wp-json\/wp\/v2\/tags?post=36096"}],"curies":[{"name":"wp","href":"https:\/\/api.w.org\/{rel}","templated":true}]}}