{"id":36087,"date":"2023-11-08T11:12:12","date_gmt":"2023-11-08T14:12:12","guid":{"rendered":"https:\/\/www.uninter.com\/radio\/?p=36087"},"modified":"2023-11-08T11:12:13","modified_gmt":"2023-11-08T14:12:13","slug":"talento-em-foco-a-importancia-do-visagismo-na-imagem-profissional","status":"publish","type":"post","link":"https:\/\/www.uninter.com\/radio\/talento-em-foco-a-importancia-do-visagismo-na-imagem-profissional","title":{"rendered":"Talento em Foco | A import\u00e2ncia do visagismo na imagem profissional"},"content":{"rendered":"\n<figure class=\"wp-block-audio\"><audio controls src=\"https:\/\/www.uninter.com\/radio\/wp-content\/uploads\/2023\/11\/talento-em-foco-23-10-2023.mp3\"><\/audio><\/figure>\n\n\n\n<p>O visagismo \u00e9 uma t\u00e9cnica que ajuda a criar uma imagem pessoal que reflita a personalidade e os objetivos de cada indiv\u00edduo. Pelo visagismo, \u00e9 poss\u00edvel escolher as cores, cortes e estilos que melhor se adequam a cada pessoa, levando em conta suas caracter\u00edsticas f\u00edsicas e psicol\u00f3gicas. O visagismo pode ajudar a melhorar a autoestima, aumentar a confian\u00e7a e transmitir uma imagem mais positiva e coerente com os objetivos pessoais e profissionais. Tudo isso, exemplos pr\u00e1ticos e dicas de como conseguir o melhor de si com as t\u00e9cnicas do visagismo \u00e9 tema do Talento em Foco. Evandro Tosin e Erika Lotz recebem a psic\u00f3loga e visagista Nani Dittrich para a conversa.<\/p>\n","protected":false},"excerpt":{"rendered":"<p>O visagismo \u00e9 uma t\u00e9cnica que ajuda a criar uma imagem pessoal que reflita a&#8230;<\/p>\n","protected":false},"author":3,"featured_media":31128,"comment_status":"open","ping_status":"open","sticky":false,"template":"","format":"standard","meta":[],"categories":[2723],"tags":[],"_links":{"self":[{"href":"https:\/\/www.uninter.com\/radio\/wp-json\/wp\/v2\/posts\/36087"}],"collection":[{"href":"https:\/\/www.uninter.com\/radio\/wp-json\/wp\/v2\/posts"}],"about":[{"href":"https:\/\/www.uninter.com\/radio\/wp-json\/wp\/v2\/types\/post"}],"author":[{"embeddable":true,"href":"https:\/\/www.uninter.com\/radio\/wp-json\/wp\/v2\/users\/3"}],"replies":[{"embeddable":true,"href":"https:\/\/www.uninter.com\/radio\/wp-json\/wp\/v2\/comments?post=36087"}],"version-history":[{"count":1,"href":"https:\/\/www.uninter.com\/radio\/wp-json\/wp\/v2\/posts\/36087\/revisions"}],"predecessor-version":[{"id":36089,"href":"https:\/\/www.uninter.com\/radio\/wp-json\/wp\/v2\/posts\/36087\/revisions\/36089"}],"wp:featuredmedia":[{"embeddable":true,"href":"https:\/\/www.uninter.com\/radio\/wp-json\/wp\/v2\/media\/31128"}],"wp:attachment":[{"href":"https:\/\/www.uninter.com\/radio\/wp-json\/wp\/v2\/media?parent=36087"}],"wp:term":[{"taxonomy":"category","embeddable":true,"href":"https:\/\/www.uninter.com\/radio\/wp-json\/wp\/v2\/categories?post=36087"},{"taxonomy":"post_tag","embeddable":true,"href":"https:\/\/www.uninter.com\/radio\/wp-json\/wp\/v2\/tags?post=36087"}],"curies":[{"name":"wp","href":"https:\/\/api.w.org\/{rel}","templated":true}]}}