{"id":36080,"date":"2023-11-07T17:15:36","date_gmt":"2023-11-07T20:15:36","guid":{"rendered":"https:\/\/www.uninter.com\/radio\/?p=36080"},"modified":"2023-11-07T17:16:30","modified_gmt":"2023-11-07T20:16:30","slug":"inclusao-em-rede-enfrentando-barreiras-de-limitacoes-visual-e-fisica","status":"publish","type":"post","link":"https:\/\/www.uninter.com\/radio\/inclusao-em-rede-enfrentando-barreiras-de-limitacoes-visual-e-fisica","title":{"rendered":"Inclus\u00e3o em Rede | Enfrentando barreiras de limita\u00e7\u00f5es visual e f\u00edsica"},"content":{"rendered":"\n<figure class=\"wp-block-audio\"><audio controls src=\"blob:https:\/\/www.uninter.com\/ce17fdb0-13b7-4902-8d15-61feaae7f7a4\"><\/audio><\/figure>\n\n\n\n<p>A coordenadora do SIANEE Leomar Marchesini entrevista o Presidente do Conselho Municipal dos Direitos da Pessoa com Defici\u00eancia de Colombo (PR), Jos\u00e9 Aparecido Leite. Acompanhe!<\/p>\n","protected":false},"excerpt":{"rendered":"<p>A coordenadora do SIANEE Leomar Marchesini entrevista o Presidente do Conselho Municipal dos Direitos da&#8230;<\/p>\n","protected":false},"author":3,"featured_media":33698,"comment_status":"open","ping_status":"open","sticky":false,"template":"","format":"standard","meta":[],"categories":[2727],"tags":[],"_links":{"self":[{"href":"https:\/\/www.uninter.com\/radio\/wp-json\/wp\/v2\/posts\/36080"}],"collection":[{"href":"https:\/\/www.uninter.com\/radio\/wp-json\/wp\/v2\/posts"}],"about":[{"href":"https:\/\/www.uninter.com\/radio\/wp-json\/wp\/v2\/types\/post"}],"author":[{"embeddable":true,"href":"https:\/\/www.uninter.com\/radio\/wp-json\/wp\/v2\/users\/3"}],"replies":[{"embeddable":true,"href":"https:\/\/www.uninter.com\/radio\/wp-json\/wp\/v2\/comments?post=36080"}],"version-history":[{"count":1,"href":"https:\/\/www.uninter.com\/radio\/wp-json\/wp\/v2\/posts\/36080\/revisions"}],"predecessor-version":[{"id":36081,"href":"https:\/\/www.uninter.com\/radio\/wp-json\/wp\/v2\/posts\/36080\/revisions\/36081"}],"wp:featuredmedia":[{"embeddable":true,"href":"https:\/\/www.uninter.com\/radio\/wp-json\/wp\/v2\/media\/33698"}],"wp:attachment":[{"href":"https:\/\/www.uninter.com\/radio\/wp-json\/wp\/v2\/media?parent=36080"}],"wp:term":[{"taxonomy":"category","embeddable":true,"href":"https:\/\/www.uninter.com\/radio\/wp-json\/wp\/v2\/categories?post=36080"},{"taxonomy":"post_tag","embeddable":true,"href":"https:\/\/www.uninter.com\/radio\/wp-json\/wp\/v2\/tags?post=36080"}],"curies":[{"name":"wp","href":"https:\/\/api.w.org\/{rel}","templated":true}]}}