{"id":36068,"date":"2023-11-07T16:48:39","date_gmt":"2023-11-07T19:48:39","guid":{"rendered":"https:\/\/www.uninter.com\/radio\/?p=36068"},"modified":"2023-11-07T16:48:40","modified_gmt":"2023-11-07T19:48:40","slug":"cafe-e-conhecimento-conexao-juridica-explorando-o-mundo-do-direito-em-portugal","status":"publish","type":"post","link":"https:\/\/www.uninter.com\/radio\/cafe-e-conhecimento-conexao-juridica-explorando-o-mundo-do-direito-em-portugal","title":{"rendered":"Caf\u00e9 e Conhecimento\u00a0| Conex\u00e3o Jur\u00eddica: Explorando o mundo do Direito em Portugal"},"content":{"rendered":"\n<figure class=\"wp-block-audio\"><audio controls src=\"https:\/\/www.uninter.com\/radio\/wp-content\/uploads\/2023\/11\/cafe-18-10-2023.mp3\"><\/audio><\/figure>\n\n\n\n<p>Com participa\u00e7\u00e3o de uma advogada e pesquisadora acad\u00eamica brasileira residente em Portugal h\u00e1 12 anos, esse programa ser\u00e1 uma jornada informativa e envolvente que mergulha no universo jur\u00eddico portugu\u00eas. Focando nos profissionais do direito, sejam eles advogados, servidores p\u00fablicos, pesquisadores, profissionais paralegais ou simplesmente pessoas interessadas em quest\u00f5es jur\u00eddicas, abordaremos quest\u00f5es legais atuais, relacionadas ao direito comparado entre Brasil e Portugal, bem como insights sobre vida e carreira em Portugal. Daniele Farinhas recebe a advogada B\u00e1rbara Barbizani para a conversa<\/p>\n","protected":false},"excerpt":{"rendered":"<p>Com participa\u00e7\u00e3o de uma advogada e pesquisadora acad\u00eamica brasileira residente em Portugal h\u00e1 12 anos,&#8230;<\/p>\n","protected":false},"author":3,"featured_media":33850,"comment_status":"open","ping_status":"open","sticky":false,"template":"","format":"standard","meta":[],"categories":[2839],"tags":[],"_links":{"self":[{"href":"https:\/\/www.uninter.com\/radio\/wp-json\/wp\/v2\/posts\/36068"}],"collection":[{"href":"https:\/\/www.uninter.com\/radio\/wp-json\/wp\/v2\/posts"}],"about":[{"href":"https:\/\/www.uninter.com\/radio\/wp-json\/wp\/v2\/types\/post"}],"author":[{"embeddable":true,"href":"https:\/\/www.uninter.com\/radio\/wp-json\/wp\/v2\/users\/3"}],"replies":[{"embeddable":true,"href":"https:\/\/www.uninter.com\/radio\/wp-json\/wp\/v2\/comments?post=36068"}],"version-history":[{"count":1,"href":"https:\/\/www.uninter.com\/radio\/wp-json\/wp\/v2\/posts\/36068\/revisions"}],"predecessor-version":[{"id":36070,"href":"https:\/\/www.uninter.com\/radio\/wp-json\/wp\/v2\/posts\/36068\/revisions\/36070"}],"wp:featuredmedia":[{"embeddable":true,"href":"https:\/\/www.uninter.com\/radio\/wp-json\/wp\/v2\/media\/33850"}],"wp:attachment":[{"href":"https:\/\/www.uninter.com\/radio\/wp-json\/wp\/v2\/media?parent=36068"}],"wp:term":[{"taxonomy":"category","embeddable":true,"href":"https:\/\/www.uninter.com\/radio\/wp-json\/wp\/v2\/categories?post=36068"},{"taxonomy":"post_tag","embeddable":true,"href":"https:\/\/www.uninter.com\/radio\/wp-json\/wp\/v2\/tags?post=36068"}],"curies":[{"name":"wp","href":"https:\/\/api.w.org\/{rel}","templated":true}]}}