{"id":36065,"date":"2023-11-07T16:46:34","date_gmt":"2023-11-07T19:46:34","guid":{"rendered":"https:\/\/www.uninter.com\/radio\/?p=36065"},"modified":"2023-11-07T16:46:35","modified_gmt":"2023-11-07T19:46:35","slug":"atualidades-da-educacao-o-que-podemos-aprender-com-os-povos-indigenas","status":"publish","type":"post","link":"https:\/\/www.uninter.com\/radio\/atualidades-da-educacao-o-que-podemos-aprender-com-os-povos-indigenas","title":{"rendered":"Atualidades da Educa\u00e7\u00e3o | O que podemos aprender com os povos ind\u00edgenas?"},"content":{"rendered":"\n<figure class=\"wp-block-audio\"><audio controls src=\"https:\/\/www.uninter.com\/radio\/wp-content\/uploads\/2023\/11\/atualidades-da-educacao-18-10-2023.mp3\"><\/audio><\/figure>\n\n\n\n<p>O Atualidades da Educa\u00e7\u00e3o destaca o poder da educa\u00e7\u00e3o ind\u00edgena e como suas pr\u00e1ticas podem servir de referenciais para a sociedade n\u00e3o ind\u00edgena. Alvino Moser e Lu\u00eds Fernando Lopes recebem a professora Karina da Costa Santos para o bate-papo.<\/p>\n","protected":false},"excerpt":{"rendered":"<p>O Atualidades da Educa\u00e7\u00e3o destaca o poder da educa\u00e7\u00e3o ind\u00edgena e como suas pr\u00e1ticas podem&#8230;<\/p>\n","protected":false},"author":3,"featured_media":33674,"comment_status":"open","ping_status":"open","sticky":false,"template":"","format":"standard","meta":[],"categories":[2760],"tags":[],"_links":{"self":[{"href":"https:\/\/www.uninter.com\/radio\/wp-json\/wp\/v2\/posts\/36065"}],"collection":[{"href":"https:\/\/www.uninter.com\/radio\/wp-json\/wp\/v2\/posts"}],"about":[{"href":"https:\/\/www.uninter.com\/radio\/wp-json\/wp\/v2\/types\/post"}],"author":[{"embeddable":true,"href":"https:\/\/www.uninter.com\/radio\/wp-json\/wp\/v2\/users\/3"}],"replies":[{"embeddable":true,"href":"https:\/\/www.uninter.com\/radio\/wp-json\/wp\/v2\/comments?post=36065"}],"version-history":[{"count":1,"href":"https:\/\/www.uninter.com\/radio\/wp-json\/wp\/v2\/posts\/36065\/revisions"}],"predecessor-version":[{"id":36067,"href":"https:\/\/www.uninter.com\/radio\/wp-json\/wp\/v2\/posts\/36065\/revisions\/36067"}],"wp:featuredmedia":[{"embeddable":true,"href":"https:\/\/www.uninter.com\/radio\/wp-json\/wp\/v2\/media\/33674"}],"wp:attachment":[{"href":"https:\/\/www.uninter.com\/radio\/wp-json\/wp\/v2\/media?parent=36065"}],"wp:term":[{"taxonomy":"category","embeddable":true,"href":"https:\/\/www.uninter.com\/radio\/wp-json\/wp\/v2\/categories?post=36065"},{"taxonomy":"post_tag","embeddable":true,"href":"https:\/\/www.uninter.com\/radio\/wp-json\/wp\/v2\/tags?post=36065"}],"curies":[{"name":"wp","href":"https:\/\/api.w.org\/{rel}","templated":true}]}}