{"id":36053,"date":"2023-11-07T16:37:24","date_gmt":"2023-11-07T19:37:24","guid":{"rendered":"https:\/\/www.uninter.com\/radio\/?p=36053"},"modified":"2023-11-07T16:37:25","modified_gmt":"2023-11-07T19:37:25","slug":"gestao-publica-em-debate-concurso-nacional-unificado","status":"publish","type":"post","link":"https:\/\/www.uninter.com\/radio\/gestao-publica-em-debate-concurso-nacional-unificado","title":{"rendered":"Gest\u00e3o P\u00fablica em Debate | Concurso Nacional Unificado"},"content":{"rendered":"\n<figure class=\"wp-block-audio\"><audio controls src=\"https:\/\/www.uninter.com\/radio\/wp-content\/uploads\/2023\/11\/gestao-publica-16-10-2023.mp3\"><\/audio><\/figure>\n\n\n\n<p>O Concurso Nacional Unificado busca centralizar as provas autorizadas para o recrutamento e sele\u00e7\u00e3o de servidores p\u00fablicos federais na vagas autorizadas em diferentes \u00f3rg\u00e3os do Governo Federal. Vamos detalhar mais sobre este tema no Gest\u00e3o P\u00fablica em Debate, para a conversa, recebemos a tutora do curso de Gest\u00e3o P\u00fablica, Talita Sabi\u00e3o, e Ana Paula Barmann, mestre em Democracia e Direitos Fundamentais.<\/p>\n","protected":false},"excerpt":{"rendered":"<p>O Concurso Nacional Unificado busca centralizar as provas autorizadas para o recrutamento e sele\u00e7\u00e3o de&#8230;<\/p>\n","protected":false},"author":3,"featured_media":35653,"comment_status":"open","ping_status":"open","sticky":false,"template":"","format":"standard","meta":[],"categories":[2848],"tags":[],"_links":{"self":[{"href":"https:\/\/www.uninter.com\/radio\/wp-json\/wp\/v2\/posts\/36053"}],"collection":[{"href":"https:\/\/www.uninter.com\/radio\/wp-json\/wp\/v2\/posts"}],"about":[{"href":"https:\/\/www.uninter.com\/radio\/wp-json\/wp\/v2\/types\/post"}],"author":[{"embeddable":true,"href":"https:\/\/www.uninter.com\/radio\/wp-json\/wp\/v2\/users\/3"}],"replies":[{"embeddable":true,"href":"https:\/\/www.uninter.com\/radio\/wp-json\/wp\/v2\/comments?post=36053"}],"version-history":[{"count":1,"href":"https:\/\/www.uninter.com\/radio\/wp-json\/wp\/v2\/posts\/36053\/revisions"}],"predecessor-version":[{"id":36055,"href":"https:\/\/www.uninter.com\/radio\/wp-json\/wp\/v2\/posts\/36053\/revisions\/36055"}],"wp:featuredmedia":[{"embeddable":true,"href":"https:\/\/www.uninter.com\/radio\/wp-json\/wp\/v2\/media\/35653"}],"wp:attachment":[{"href":"https:\/\/www.uninter.com\/radio\/wp-json\/wp\/v2\/media?parent=36053"}],"wp:term":[{"taxonomy":"category","embeddable":true,"href":"https:\/\/www.uninter.com\/radio\/wp-json\/wp\/v2\/categories?post=36053"},{"taxonomy":"post_tag","embeddable":true,"href":"https:\/\/www.uninter.com\/radio\/wp-json\/wp\/v2\/tags?post=36053"}],"curies":[{"name":"wp","href":"https:\/\/api.w.org\/{rel}","templated":true}]}}